{"id":58159,"date":"2017-09-25T00:00:00","date_gmt":"2017-09-25T06:00:00","guid":{"rendered":"https:\/\/dralvarez.com.mx\/larevista\/blog\/poder-judicial-del-estado-realizara-coloquio-con-temas-importantes-de-los-adultos-mayores-17744"},"modified":"2017-09-25T00:00:00","modified_gmt":"2017-09-25T06:00:00","slug":"poder-judicial-del-estado-realizara-coloquio-con-temas-importantes-de-los-adultos-mayores-17744","status":"publish","type":"post","link":"https:\/\/dralvarez.com.mx\/larevista\/yucatan\/poder-judicial-del-estado-realizara-coloquio-con-temas-importantes-de-los-adultos-mayores-17744","title":{"rendered":"Poder Judicial del Estado realizar\u00e1 coloquio con temas importantes de los adultos mayores"},"content":{"rendered":"<p>El Poder Judicial inform\u00f3 esta ma\u00f1ana mediante una conferencia de prensa, que el pr\u00f3ximo lunes 25 de septiembre realizar\u00e1 un coloquio titulado \u201cDerechos Humanos de los Adultos Mayores\u201d en el auditorio \u201cV\u00edctor Manuel Cervera Pacheco\u201d del recinto del Tribunal Superior de Justicia\u201d a las 10:00 am.<\/p>\n<p>La conferencia estuvo presidida por el Magistrado Presidente del Tribunal Superior de Justicia y del Consejo de la Judicatura del Poder Judicial del Estado, Marcos Alejandro Celis Quintal, quien detall\u00f3 que el coloquio se realizar\u00e1 dentro del marco de actividades que realiza la Unidad de igualdad de G\u00e9nero del Poder Judicial del Estado<\/p>\n<p>Por su parte, la Magistrada del Tribunal Superior de Justicia, Ligia Aurora Cort\u00e9s Ortega, coordinadora del evento, resalt\u00f3 la importancia de esta actividad que pone de relieve temas de gran inter\u00e9s para la sociedad como los derechos de los adultos mayores, los cuales expondr\u00e1 el pr\u00f3ximo lunes.<\/p>\n<p>En este encuentro con los medios estuvieron presentes la acad\u00e9mica  e investigadora Georgina Rosado y Rosado, quien hablar\u00e1 de la mujer maya en la vejez. Asimismo Dorcas Arely Mijangos Cuj, hablar\u00e1 sobre la manera en que los medios de comunicaci\u00f3n manejan la informaci\u00f3n relacionada con los adultos mayores.<\/p>\n<p>En el evento que se celebrar\u00e1 en punto de las 10:00 de la ma\u00f1ana en el Tribunal Superior de Justicia, tambi\u00e9n participar\u00e1 el Delegado estatal del ISSSTE, Luis Antonio Hevia Jim\u00e9nez con el tema \u201cderecho de salud y pensiones en la vejez\u201d mientras que la investigadora y acad\u00e9mica Gina Villag\u00f3mez Vald\u00e9s, presentar\u00e1 el tema \u201cadultos mayores: pobreza y desigualdad\u201d. El coloquio es un evento gratuito y abierto a todo p\u00fablico.<\/p>\n","protected":false},"excerpt":{"rendered":"<p>El Poder Judicial inform\u00f3 esta ma\u00f1ana mediante una conferencia de prensa, que el pr\u00f3ximo lunes 25 de septiembre realizar\u00e1 un coloquio titulado \u201cDerech<\/p>\n","protected":false},"author":1018,"featured_media":0,"comment_status":"open","ping_status":"open","sticky":false,"template":"","format":"standard","meta":{"tdm_status":"","tdm_grid_status":"","footnotes":""},"categories":[21],"tags":[],"_links":{"self":[{"href":"https:\/\/dralvarez.com.mx\/larevista\/wp-json\/wp\/v2\/posts\/58159"}],"collection":[{"href":"https:\/\/dralvarez.com.mx\/larevista\/wp-json\/wp\/v2\/posts"}],"about":[{"href":"https:\/\/dralvarez.com.mx\/larevista\/wp-json\/wp\/v2\/types\/post"}],"author":[{"embeddable":true,"href":"https:\/\/dralvarez.com.mx\/larevista\/wp-json\/wp\/v2\/users\/1018"}],"replies":[{"embeddable":true,"href":"https:\/\/dralvarez.com.mx\/larevista\/wp-json\/wp\/v2\/comments?post=58159"}],"version-history":[{"count":0,"href":"https:\/\/dralvarez.com.mx\/larevista\/wp-json\/wp\/v2\/posts\/58159\/revisions"}],"wp:attachment":[{"href":"https:\/\/dralvarez.com.mx\/larevista\/wp-json\/wp\/v2\/media?parent=58159"}],"wp:term":[{"taxonomy":"category","embeddable":true,"href":"https:\/\/dralvarez.com.mx\/larevista\/wp-json\/wp\/v2\/categories?post=58159"},{"taxonomy":"post_tag","embeddable":true,"href":"https:\/\/dralvarez.com.mx\/larevista\/wp-json\/wp\/v2\/tags?post=58159"}],"curies":[{"name":"wp","href":"https:\/\/api.w.org\/{rel}","templated":true}]}}