{"id":58156,"date":"2017-09-25T00:00:00","date_gmt":"2017-09-25T06:00:00","guid":{"rendered":"https:\/\/dralvarez.com.mx\/larevista\/blog\/el-alcalde-mauricio-vila-suma-acciones-en-favor-del-emprendedurismo-17741"},"modified":"2017-09-25T00:00:00","modified_gmt":"2017-09-25T06:00:00","slug":"el-alcalde-mauricio-vila-suma-acciones-en-favor-del-emprendedurismo-17741","status":"publish","type":"post","link":"https:\/\/dralvarez.com.mx\/larevista\/yucatan\/el-alcalde-mauricio-vila-suma-acciones-en-favor-del-emprendedurismo-17741","title":{"rendered":"El alcalde, Mauricio Vila, suma acciones en favor del emprendedurismo"},"content":{"rendered":"<\/p>\n<div>El alcalde Mauricio Vila Dosal &nbsp;firm\u00f3 en d\u00edas pasados, un convenio de colaboraci\u00f3n entre la Comuna y Nacional Financiera (NAFIN), el cual permitir\u00e1 a los emprendedores, a peque\u00f1os y medianos empresarios apoyados por el Ayuntamiento de M\u00e9rida acceder a toda clase de informaci\u00f3n relacionada con productos financieros, esquemas de financiamiento y desarrollo empresarial.<\/div>\n<div><\/div>\n<div>El convenio, &nbsp;firmado en el sal\u00f3n de usos m\u00faltiples del Centro Municipal de Emprendedores, tambi\u00e9n tiene como objetivo promover alianzas con intermediarios financieros para atender requerimientos espec\u00edficos, promover ferias y eventos de financiamiento y fomentar el acceso a los servicios de capacitaci\u00f3n y asistencia t\u00e9cnica para las Mipymes.<\/div>\n<div>&nbsp;<\/div>\n<div>Ante la presencia de los alumnos de preparatoria del Colegio Mesoamericano, el presidente municipal, Mauricio Vila, inform\u00f3 que estas acciones se suman a las ya efectuadas para que los emprendedores puedan salir adelante y posicionarse con la creaci\u00f3n de sus productos.<\/div>\n<div><\/div>\n<div>Inform\u00f3 que una de las principales es la puesta en marcha del Centro Municipal de Emprendedores, en donde se les ofrece un espacio f\u00edsico con los servicios b\u00e1sicos a un bajo costo. A esta acci\u00f3n se suman alianzas importantes en apoyo a los j\u00f3venes emprendedores como lo es la firma de un convenio con el IMPI para que puedan registrar sus marcas.<\/div>\n<div><\/div>\n<div>&nbsp;Tambi\u00e9n se han firmado convenios de colaboraci\u00f3n con colegios de Contadores, Ingenieros y Abogados y con c\u00e1maras empresariales, otorgamiento de cr\u00e9ditos Micromer, con facilidades de pago y con una tasa de inter\u00e9s baja.<\/div>\n<div><\/div>\n<div>&nbsp;Vila Dosal manifest\u00f3 que otro de los beneficios del convenio con NAFIN es que tambi\u00e9n llegar\u00e1 la Oficina m\u00f3vil NAFINSA, la cual consiste en un tr\u00e1iler totalmente equipado para brindar la capacitaci\u00f3n a las peque\u00f1as y medianas empresas.<\/div>\n<div><\/div>\n<div>En el evento, la directora Regional Sur de NAFIN, Teresa Cavazos Samia, reconoci\u00f3 la labor realizada por el alcalde, Mauricio Vila Dosal y se congratul\u00f3 de que se tomen acciones de vinculaci\u00f3n en favor del emprendedurismo; &nbsp;la promoci\u00f3n de sus ideas y el otorgamiento de cr\u00e9ditos para el crecimiento de los negocios.<\/div>\n<div>&nbsp;<\/div>\n<div>-Nosotros como instituci\u00f3n contamos con una amplia gama de programas algunos de ellos enfocados a j\u00f3venes otros a mujeres emprendedoras y muchos m\u00e1s-extern\u00f3.<\/div>\n<div><\/div>\n<div>&nbsp;Dijo que lo que se busca a trav\u00e9s de este convenio es que la informaci\u00f3n llegue a todos y se pueda servir de la mejor manera.<\/div>\n<div><\/div>\n<div>&nbsp;El coordinador de Pol\u00edtica Comunitaria, V\u00edctor Lozano Poveda, destac\u00f3 que desde el inicio de la presente administraci\u00f3n se ha aportado en ejercer acciones que beneficien el emprendedurismo y apoyen la creaci\u00f3n de nuevos productos para el crecimiento de la econom\u00eda de M\u00e9rida.<\/div>\n<div><\/div>\n<div>En el evento estuvo el representante de NAFIN Yucat\u00e1n, Adri\u00e1n Playa Monroy, la directora de Turismo y Promoci\u00f3n Econ\u00f3mica, Carolina C\u00e1rdenas Sosa y la regidora Dafne L\u00f3pez Osorio<\/div><\/p>\n","protected":false},"excerpt":{"rendered":"<p>Ayuntamiento de M\u00e9rida y NAFIN firman convenio de colaboraci\u00f3n.<\/p>\n","protected":false},"author":1018,"featured_media":0,"comment_status":"open","ping_status":"open","sticky":false,"template":"","format":"standard","meta":{"tdm_status":"","tdm_grid_status":"","footnotes":""},"categories":[21],"tags":[],"_links":{"self":[{"href":"https:\/\/dralvarez.com.mx\/larevista\/wp-json\/wp\/v2\/posts\/58156"}],"collection":[{"href":"https:\/\/dralvarez.com.mx\/larevista\/wp-json\/wp\/v2\/posts"}],"about":[{"href":"https:\/\/dralvarez.com.mx\/larevista\/wp-json\/wp\/v2\/types\/post"}],"author":[{"embeddable":true,"href":"https:\/\/dralvarez.com.mx\/larevista\/wp-json\/wp\/v2\/users\/1018"}],"replies":[{"embeddable":true,"href":"https:\/\/dralvarez.com.mx\/larevista\/wp-json\/wp\/v2\/comments?post=58156"}],"version-history":[{"count":0,"href":"https:\/\/dralvarez.com.mx\/larevista\/wp-json\/wp\/v2\/posts\/58156\/revisions"}],"wp:attachment":[{"href":"https:\/\/dralvarez.com.mx\/larevista\/wp-json\/wp\/v2\/media?parent=58156"}],"wp:term":[{"taxonomy":"category","embeddable":true,"href":"https:\/\/dralvarez.com.mx\/larevista\/wp-json\/wp\/v2\/categories?post=58156"},{"taxonomy":"post_tag","embeddable":true,"href":"https:\/\/dralvarez.com.mx\/larevista\/wp-json\/wp\/v2\/tags?post=58156"}],"curies":[{"name":"wp","href":"https:\/\/api.w.org\/{rel}","templated":true}]}}