{"id":58154,"date":"2017-09-25T00:00:00","date_gmt":"2017-09-25T06:00:00","guid":{"rendered":"https:\/\/dralvarez.com.mx\/larevista\/blog\/el-alcalde-mauricio-vila-dosal-se-reune-con-integrantes-del-colegio-de-contadores-publicos-de-yucatan-17739"},"modified":"2017-09-25T00:00:00","modified_gmt":"2017-09-25T06:00:00","slug":"el-alcalde-mauricio-vila-dosal-se-reune-con-integrantes-del-colegio-de-contadores-publicos-de-yucatan-17739","status":"publish","type":"post","link":"https:\/\/dralvarez.com.mx\/larevista\/yucatan\/el-alcalde-mauricio-vila-dosal-se-reune-con-integrantes-del-colegio-de-contadores-publicos-de-yucatan-17739","title":{"rendered":"El alcalde Mauricio Vila Dosal se re\u00fane con integrantes del Colegio de Contadores P\u00fablicos de Yucat\u00e1n"},"content":{"rendered":"<\/p>\n<div>El alcalde Mauricio Vila Dosal expuso a integrantes del Colegio de Contadores P\u00fablicos de Yucat\u00e1n A.C., &nbsp;los avances de la inversi\u00f3n en infraestructura urbana y desarrollo social en M\u00e9rida, reuni\u00f3n en la que tambi\u00e9n desglos\u00f3 el desempe\u00f1o que guardan las finanzas p\u00fablicas del Ayuntamiento de M\u00e9rida.<\/div>\n<div>&nbsp;<\/div>\n<div>La reuni\u00f3n con el organismo forma parte de una serie de reuniones con c\u00e1maras empresariales y colegios de profesionales en las que el presidente municipal informa, entre otros temas,  del ejercicio de  la inversi\u00f3n hist\u00f3rica de &nbsp;mil millones pesos \u2013anunciados en enero de \u00e9ste a\u00f1o- que se aplican en la capital yucateca, de los cuales, el 45% se invierte en el sur de M\u00e9rida con obras y servicios para romper la brecha de la desigualdad en la ciudad.<\/div>\n<div>&nbsp;<\/div>\n<div>Agreg\u00f3 que este paquete de obras nunca se hab\u00eda realizado y hoy d\u00eda es posible gracias a la eficiencia administrativa y a las pol\u00edticas de austeridad implantada en todas las dependencias que permiten destinar m\u00e1s recursos a obras y servicios de calidad para los ciudadanos.<\/div>\n<div>&nbsp;<\/div>\n<div>Acompa\u00f1ado del tesorero municipal, Juan Carlos Rosel Flores y el Director de Obras P\u00fablicas, as\u00ed como la secretaria de la Comuna, Mar\u00eda Fritz Sierra el alcalde Mauricio Vila tambi\u00e9n &nbsp;inform\u00f3 la manera en la que se trabajan todos los procesos de licitaciones, de adquisiciones y contrataci\u00f3n de obra p\u00fablica y servicios.<\/div>\n<div>&nbsp;<\/div>\n<div>Inform\u00f3 que en el 2017 se han realizado 113 contratos de obra p\u00fablica por m\u00e1s de 700 millones de pesos  y que el 98.44% ha sido a trav\u00e9s de licitaciones p\u00fablicas y s\u00f3lo el 1.56% ha sido por adjudicaci\u00f3n directa o por invitaci\u00f3n a cuando menos 3 personas, aunque la ley permitir\u00eda que fuera hasta en un 20% en esta \u00faltima modalidad.<\/div>\n<div>&nbsp;<\/div>\n<div>-Estos 113 contratos han sido con 98 diferentes empresas, de los cuales el 94% son empresas locales, de tal forma que la derrama econ\u00f3mica que se genera, se queda en M\u00e9rida, y \u00fanicamente el 6% se otorga a empresas nacionales,-agreg\u00f3. <\/div>\n<div>&nbsp;<\/div>\n<div>En cuanto a contratos realizados por servicios y bienes diferentes de la obra p\u00fablica, que se han realizado para los tres a\u00f1os de la administraci\u00f3n, el 93.75% han sido a trav\u00e9s de licitaciones p\u00fablicas o concursos, y s\u00f3lo el 6.25% han sido adjudicaciones directas,-detall\u00f3. &nbsp;<\/div>\n<div>&nbsp;<\/div>\n<div>Aqu\u00ed tambi\u00e9n tenemos el 20% y solamente estamos ejerciendo el 6% para refrendar el compromiso con la transparencia y la rendici\u00f3n de cuentas de este ayuntamiento.<\/p>\n<\/div>\n<div>El alcalde tambi\u00e9n se\u00f1al\u00f3 la importancia de la calificaci\u00f3n otorgada por el IMCO, que puso a M\u00e9rida en primer lugar de transparencia y que \u00e9ste primer lugar lo alcanz\u00f3 luego de estar en el n\u00famero 97 en 2016.<\/div>\n<div><\/div>\n<div>Adem\u00e1s de su presidente, acudieron representantes de la directiva del Colegio como V\u00edctor Manuel \u00c1lvarez Palma, vicepresidente de Relaciones y Difusi\u00f3n; Ram\u00f3n Armando Palmero Brito, Mar\u00eda de Guadalupe Guillermo Cordero, &nbsp;Roque Humberto Mart\u00edn Gamboa Le\u00f3n, Mar\u00eda Isabel Vergara P\u00e9rez, Jos\u00e9 Lavalle Sol\u00eds y &nbsp;Ligia Elizabeth Aguayo. Tambi\u00e9n acudieron Arturo D\u00edaz Ceballos y Enrique Salazar Dur\u00e1n.<\/div>\n<div>&nbsp;<\/div>\n<div>Adem\u00e1s del Colegio de Contadores P\u00fablicos de Yucat\u00e1n el presidente municipal Mauricio Vila ya se reuni\u00f3 con integrantes de la Coparmex, Canadevi y la Canirac.<\/div><\/p>\n","protected":false},"excerpt":{"rendered":"<p>Avances en la inversi\u00f3n en obras y servicios.<\/p>\n","protected":false},"author":1018,"featured_media":0,"comment_status":"open","ping_status":"open","sticky":false,"template":"","format":"standard","meta":{"tdm_status":"","tdm_grid_status":"","footnotes":""},"categories":[21],"tags":[],"_links":{"self":[{"href":"https:\/\/dralvarez.com.mx\/larevista\/wp-json\/wp\/v2\/posts\/58154"}],"collection":[{"href":"https:\/\/dralvarez.com.mx\/larevista\/wp-json\/wp\/v2\/posts"}],"about":[{"href":"https:\/\/dralvarez.com.mx\/larevista\/wp-json\/wp\/v2\/types\/post"}],"author":[{"embeddable":true,"href":"https:\/\/dralvarez.com.mx\/larevista\/wp-json\/wp\/v2\/users\/1018"}],"replies":[{"embeddable":true,"href":"https:\/\/dralvarez.com.mx\/larevista\/wp-json\/wp\/v2\/comments?post=58154"}],"version-history":[{"count":0,"href":"https:\/\/dralvarez.com.mx\/larevista\/wp-json\/wp\/v2\/posts\/58154\/revisions"}],"wp:attachment":[{"href":"https:\/\/dralvarez.com.mx\/larevista\/wp-json\/wp\/v2\/media?parent=58154"}],"wp:term":[{"taxonomy":"category","embeddable":true,"href":"https:\/\/dralvarez.com.mx\/larevista\/wp-json\/wp\/v2\/categories?post=58154"},{"taxonomy":"post_tag","embeddable":true,"href":"https:\/\/dralvarez.com.mx\/larevista\/wp-json\/wp\/v2\/tags?post=58154"}],"curies":[{"name":"wp","href":"https:\/\/api.w.org\/{rel}","templated":true}]}}