{"id":58149,"date":"2017-09-25T00:00:00","date_gmt":"2017-09-25T06:00:00","guid":{"rendered":"https:\/\/dralvarez.com.mx\/larevista\/blog\/los-maestros-indigenistas-clave-en-el-desarrollo-yucateco-liborio-vidal-17734"},"modified":"2017-09-25T00:00:00","modified_gmt":"2017-09-25T06:00:00","slug":"los-maestros-indigenistas-clave-en-el-desarrollo-yucateco-liborio-vidal-17734","status":"publish","type":"post","link":"https:\/\/dralvarez.com.mx\/larevista\/yucatan\/los-maestros-indigenistas-clave-en-el-desarrollo-yucateco-liborio-vidal-17734","title":{"rendered":"Los maestros indigenistas, clave en el desarrollo yucateco: Liborio Vidal"},"content":{"rendered":"<\/p>\n<p>\u201cLa educaci\u00f3n ind\u00edgena requiere de ajustes que brindan mayores herramientas para desarrollar las habilidad y aprovechar todas las oportunidades que se puedan presentar a los ni\u00f1os de las comunidades rurales\u201d, destac\u00f3 Liborio Vidal Aguilar.<\/p>\n<p>En una pl\u00e1tica con maestros indigenistas se plante\u00f3 la importancia de recuperar las parcelas escolares, aquellas que permit\u00edan ense\u00f1ar a los ni\u00f1os el cultivo de la tierra, que pueden replicar en sus hogares y, a la vez constituye una fuente de ingresos para la escuela.<\/p>\n<p>Las opciones para los ni\u00f1os del interior del Estado son limitadas por la distancia, que dificulta el acceso a actividades, productos y servicios que se tienen en las ciudades, en particular en Yucat\u00e1n, el gobernador Rolando Zapata Bello ha invertido recursos y destacado la importancia de llevar educaci\u00f3n a cada rinc\u00f3n de la entidad.<\/p>\n<p>Entre los datos que ofreci\u00f3 Vidal Aguilar se encuentra que, de acuerdo con el Sistema de Educaci\u00f3n Ind\u00edgena Nacional existe aproximadamente un mill\u00f3n 669 mil alumnos atendidos por casi 372 mil docentes en 60 mil escuelas en todo el pa\u00eds.<\/p>\n<p>Destac\u00f3 que, de forma constitucional, M\u00e9xico se define como un pa\u00eds pluricultural que encuentra sus fundamentos en sus pueblos ind\u00edgenas, en las costumbres y las tradiciones de su gente, que definen la identidad nacional.<\/p>\n<p>\u201cAqu\u00ed el reto es que nuestros ni\u00f1os se conviertan en j\u00f3venes que amen sus ra\u00edces, la tierra en la que crecen, la vida tranquila y pac\u00edfica de nuestro Yucat\u00e1n y que se conviertan en hombres y mujeres con mayores oportunidades\u201d, manifest\u00f3.<\/p>\n<p>\u201cLa educaci\u00f3n es un elemento que nos permite nivelar el terreno de juego para la poblaci\u00f3n ind\u00edgena del pa\u00eds y la escuela debe ser el principal instrumento para cerrar la brecha de desigualdad entre la poblaci\u00f3n ind\u00edgena y la no ind\u00edgena en todo el pa\u00eds\u201d.<\/p>\n<p>Liborio Vidal ha trabajado hombro con hombro con los maestros del interior del Estado, durante m\u00e1s de 20 a\u00f1os han desarrollado una amistad que le permite al empresario y pol\u00edtico tener una visi\u00f3n clara de hacia d\u00f3nde deben dirigirse los esfuerzos por los pueblos mayas de Yucat\u00e1n.<\/p><\/p>\n","protected":false},"excerpt":{"rendered":"<p>La educaci\u00f3n es la llave para cerrar la brecha de la desigualdad<\/p>\n","protected":false},"author":1018,"featured_media":0,"comment_status":"open","ping_status":"open","sticky":false,"template":"","format":"standard","meta":{"tdm_status":"","tdm_grid_status":"","footnotes":""},"categories":[21],"tags":[],"_links":{"self":[{"href":"https:\/\/dralvarez.com.mx\/larevista\/wp-json\/wp\/v2\/posts\/58149"}],"collection":[{"href":"https:\/\/dralvarez.com.mx\/larevista\/wp-json\/wp\/v2\/posts"}],"about":[{"href":"https:\/\/dralvarez.com.mx\/larevista\/wp-json\/wp\/v2\/types\/post"}],"author":[{"embeddable":true,"href":"https:\/\/dralvarez.com.mx\/larevista\/wp-json\/wp\/v2\/users\/1018"}],"replies":[{"embeddable":true,"href":"https:\/\/dralvarez.com.mx\/larevista\/wp-json\/wp\/v2\/comments?post=58149"}],"version-history":[{"count":0,"href":"https:\/\/dralvarez.com.mx\/larevista\/wp-json\/wp\/v2\/posts\/58149\/revisions"}],"wp:attachment":[{"href":"https:\/\/dralvarez.com.mx\/larevista\/wp-json\/wp\/v2\/media?parent=58149"}],"wp:term":[{"taxonomy":"category","embeddable":true,"href":"https:\/\/dralvarez.com.mx\/larevista\/wp-json\/wp\/v2\/categories?post=58149"},{"taxonomy":"post_tag","embeddable":true,"href":"https:\/\/dralvarez.com.mx\/larevista\/wp-json\/wp\/v2\/tags?post=58149"}],"curies":[{"name":"wp","href":"https:\/\/api.w.org\/{rel}","templated":true}]}}