{"id":58140,"date":"2017-09-25T00:00:00","date_gmt":"2017-09-25T06:00:00","guid":{"rendered":"https:\/\/dralvarez.com.mx\/larevista\/blog\/liborio-vidal-tiende-puente-entre-politica-y-sociedad-17725"},"modified":"2017-09-25T00:00:00","modified_gmt":"2017-09-25T06:00:00","slug":"liborio-vidal-tiende-puente-entre-politica-y-sociedad-17725","status":"publish","type":"post","link":"https:\/\/dralvarez.com.mx\/larevista\/yucatan\/liborio-vidal-tiende-puente-entre-politica-y-sociedad-17725","title":{"rendered":"Liborio Vidal tiende puente entre pol\u00edtica y sociedad"},"content":{"rendered":"<\/p>\n<p>M\u00e9rida, Yucat\u00e1n, a 24 de septiembre de 2017. Los programas sociales que ha implementado Liborio Vidal Aguilar han generado beneficios directos en la ciudadan\u00eda, pero tambi\u00e9n han logrado algo m\u00e1s importante, restaurar la confianza de la gente en sus pol\u00edticos.<\/p>\n<p>A trav\u00e9s de #DonoMiSueldo, #VeoBien, #DonoMiTiempo, #MeSientoBien, #AmigoLiboContigo y otros, Vidal Aguilar ha logrado establecer contacto directo con los ciudadanos, motivando la pl\u00e1tica y un sentido de comunidad y pertenencia.<\/p>\n<p>El pasado fin de semana, m\u00e1s de 700 vecinos de colonias del sur de M\u00e9rida se dieron cita en un local para participar en una din\u00e1mica de di\u00e1logo abierto para el empresario y pol\u00edtico yucateco, en donde expusieron sus puntos de vista sobre el rumbo que deber\u00eda seguir el Estado.<\/p>\n<p>\u201cAmigos quiero darles las gracias por regalarme su valioso tiempo, por esa respuesta r\u00e1pida que demuestran esas ganas de aportar m\u00e1s al Estado, de ser parte de los ciudadanos que buscan construir el lugar con el que todos so\u00f1amos\u201d, manifest\u00f3 Vidal Aguilar.<\/p>\n<p>El #AmigoLibo ha realizado un trabajo fuerte e intenso para mantener una relaci\u00f3n cercana con los yucatecos, para ello se ha valido de las redes sociales, de actividades recreativas, de participaci\u00f3n ciudadana y de recorridos por las comunidades m\u00e1s lejanas del Estado, as\u00ed como por las colonias y comisar\u00edas de M\u00e9rida.<\/p>\n<p>Todo lo anterior lo ha realizado con la firme idea de transformar la idea que tienen los ciudadanos sobre la pol\u00edtica y sus actores y demostrar que se pueden hacer las cosas de forma abierta, cercana y transparente.<\/p>\n<p>\u201cTenemos un gran ejemplo en nuestro gobernado Rolando Zapata Bello, que regresa a las comunidades para observar los resultados del trabajo que realiza, para verificar que la gente est\u00e9 satisfecha con las obras y medir el alcance y los resultados de las decisiones que se toman\u201d, dijo.<\/p>\n<p>La suma de la intensa actividad de Vidal Aguilar, tanto de forma virtual como f\u00edsica, se refleja en mayor confianza de la gente para poder manifestar sus ideas de forma abierta, respetuosa y sincera, en lo que se ha convertido en un puente bien apuntalado que une a la sociedad y la pol\u00edtica.<\/p><\/p>\n","protected":false},"excerpt":{"rendered":"<p>Reuni\u00f3n con m\u00e1s de 700 personas del sur de M\u00e9rida.<\/p>\n","protected":false},"author":1018,"featured_media":0,"comment_status":"open","ping_status":"open","sticky":false,"template":"","format":"standard","meta":{"tdm_status":"","tdm_grid_status":"","footnotes":""},"categories":[21],"tags":[],"_links":{"self":[{"href":"https:\/\/dralvarez.com.mx\/larevista\/wp-json\/wp\/v2\/posts\/58140"}],"collection":[{"href":"https:\/\/dralvarez.com.mx\/larevista\/wp-json\/wp\/v2\/posts"}],"about":[{"href":"https:\/\/dralvarez.com.mx\/larevista\/wp-json\/wp\/v2\/types\/post"}],"author":[{"embeddable":true,"href":"https:\/\/dralvarez.com.mx\/larevista\/wp-json\/wp\/v2\/users\/1018"}],"replies":[{"embeddable":true,"href":"https:\/\/dralvarez.com.mx\/larevista\/wp-json\/wp\/v2\/comments?post=58140"}],"version-history":[{"count":0,"href":"https:\/\/dralvarez.com.mx\/larevista\/wp-json\/wp\/v2\/posts\/58140\/revisions"}],"wp:attachment":[{"href":"https:\/\/dralvarez.com.mx\/larevista\/wp-json\/wp\/v2\/media?parent=58140"}],"wp:term":[{"taxonomy":"category","embeddable":true,"href":"https:\/\/dralvarez.com.mx\/larevista\/wp-json\/wp\/v2\/categories?post=58140"},{"taxonomy":"post_tag","embeddable":true,"href":"https:\/\/dralvarez.com.mx\/larevista\/wp-json\/wp\/v2\/tags?post=58140"}],"curies":[{"name":"wp","href":"https:\/\/api.w.org\/{rel}","templated":true}]}}