{"id":58139,"date":"2017-09-25T00:00:00","date_gmt":"2017-09-25T06:00:00","guid":{"rendered":"https:\/\/dralvarez.com.mx\/larevista\/blog\/productor-de-pitahaya-cosecha-resultados-17724"},"modified":"2017-09-25T00:00:00","modified_gmt":"2017-09-25T06:00:00","slug":"productor-de-pitahaya-cosecha-resultados-17724","status":"publish","type":"post","link":"https:\/\/dralvarez.com.mx\/larevista\/yucatan\/productor-de-pitahaya-cosecha-resultados-17724","title":{"rendered":"Productor de pitahaya cosecha resultados"},"content":{"rendered":"<\/p>\n<p>DZIDZANT\u00daN, Yucat\u00e1n.-Marco Antonio Manrique Cruz, productor de pitahaya de Dzidzant\u00fan, cosecha resultados al lograr colocar la fruta en mercados de Estados Unidos y Asia, obteniendo beneficios para su familia y demostrado que el yucateco puede alcanzar sus metas cuando trabaja con decisi\u00f3n y mucho \u00e1nimo.<\/p>\n<p>Con los apoyos del gobierno, en el reciente corte Manrique Cruz cosech\u00f3 30 toneladas de esta fruta emblem\u00e1tica de Yucat\u00e1n, que vende al mercado local y tambi\u00e9n exporta, y no s\u00f3lo eso, recientemente tambi\u00e9n vendi\u00f3 \u201cesquejes\u201d (v\u00e1stagos de la cact\u00e1cea) para sembrar 150 hect\u00e1reas en otros ejidos de la zona.<\/p>\n<p>El titular de la Secretar\u00eda de Desarrollo Rural (Seder), Juan Jos\u00e9 Canul P\u00e9rez, al visitar a este exitoso productor, resalt\u00f3 que la siembra de pitahaya est\u00e1 cobrando importancia por tratarse de una fruta exquisita que demanda el mercado internacional.<\/p>\n<p>Tambi\u00e9n resalt\u00f3 que le da gusto que productores como Manrique Cruz est\u00e9n cosechando resultados positivos con los apoyos que reciben por parte del gobierno.<\/p>\n<p>Durante el recorrido por las plantaciones, el productor record\u00f3 que el impulso que recibi\u00f3 del gobierno consisti\u00f3 en un sistema de riego, en una bodega de almacenamiento y en cajas para almacenar la cosecha.<\/p>\n<p>\u201cMe siento muy contento por los apoyos porque la siembra de la pitahaya ha permitido darle educaci\u00f3n a mi familia. Por ejemplo, mi hija est\u00e1 a punto de terminar la normal superior y eso me llena de orgullo\u201d, dijo.<\/p>\n<p>Manrique Cruz ya sembr\u00f3 otros 1.5 hect\u00e1reas m\u00e1s de tutores vivos de chac\u00e1 que le servir\u00e1 para incrementar la extensi\u00f3n de cultivos. Adem\u00e1s, prepar\u00f3 la tierra para sembrar calabaza y tomate, con lo que demuestra que la diversificaci\u00f3n es una opci\u00f3n viable en esta regi\u00f3n de Yucat\u00e1n.<\/p>\n<p>Al platicar con Canul P\u00e9rez, el productor reconoci\u00f3 que los vaivenes del mercado marcan los precios de la fruta. Sin embargo  ya busc\u00f3 la forma de retardar la fruta en la planta al colocar un recubrimiento contra las aves y los insectos. Adem\u00e1s, al envolver la fruta en papel y refrigerarla a\u00fan puede durar mucho m\u00e1s.<\/p>\n<p>Durante la visita a la zona productiva, estuvo acompa\u00f1ado del director de agricultura de la Seder, Luis Novelo Pi\u00f1a.<\/p><\/p>\n","protected":false},"excerpt":{"rendered":"<p>Cosecha resultados al lograr colocar la fruta en mercados de Estados Unidos y Asia.<\/p>\n","protected":false},"author":1018,"featured_media":0,"comment_status":"open","ping_status":"open","sticky":false,"template":"","format":"standard","meta":{"tdm_status":"","tdm_grid_status":"","footnotes":""},"categories":[21],"tags":[],"_links":{"self":[{"href":"https:\/\/dralvarez.com.mx\/larevista\/wp-json\/wp\/v2\/posts\/58139"}],"collection":[{"href":"https:\/\/dralvarez.com.mx\/larevista\/wp-json\/wp\/v2\/posts"}],"about":[{"href":"https:\/\/dralvarez.com.mx\/larevista\/wp-json\/wp\/v2\/types\/post"}],"author":[{"embeddable":true,"href":"https:\/\/dralvarez.com.mx\/larevista\/wp-json\/wp\/v2\/users\/1018"}],"replies":[{"embeddable":true,"href":"https:\/\/dralvarez.com.mx\/larevista\/wp-json\/wp\/v2\/comments?post=58139"}],"version-history":[{"count":0,"href":"https:\/\/dralvarez.com.mx\/larevista\/wp-json\/wp\/v2\/posts\/58139\/revisions"}],"wp:attachment":[{"href":"https:\/\/dralvarez.com.mx\/larevista\/wp-json\/wp\/v2\/media?parent=58139"}],"wp:term":[{"taxonomy":"category","embeddable":true,"href":"https:\/\/dralvarez.com.mx\/larevista\/wp-json\/wp\/v2\/categories?post=58139"},{"taxonomy":"post_tag","embeddable":true,"href":"https:\/\/dralvarez.com.mx\/larevista\/wp-json\/wp\/v2\/tags?post=58139"}],"curies":[{"name":"wp","href":"https:\/\/api.w.org\/{rel}","templated":true}]}}