{"id":58126,"date":"2017-09-25T00:00:00","date_gmt":"2017-09-25T06:00:00","guid":{"rendered":"https:\/\/dralvarez.com.mx\/larevista\/blog\/justicia-accesible-para-todos-en-yucatan-rzb-17709"},"modified":"2017-09-25T00:00:00","modified_gmt":"2017-09-25T06:00:00","slug":"justicia-accesible-para-todos-en-yucatan-rzb-17709","status":"publish","type":"post","link":"https:\/\/dralvarez.com.mx\/larevista\/yucatan\/justicia-accesible-para-todos-en-yucatan-rzb-17709","title":{"rendered":"Justicia, accesible para todos en Yucat\u00e1n: RZB"},"content":{"rendered":"<\/p>\n<p>En Yucat\u00e1n, imperan la justicia y el Estado de Derecho, porque aqu\u00ed se sigue un proceso para garantizar que \u00e9sta sea una realidad accesible para todos, asegur\u00f3 el Gobernador Rolando Zapata Bello durante la inauguraci\u00f3n del mural \u201cLa justicia yucateca\u201d en el Centro de Instituciones Operadoras del Sistema Penal, Oral y Acusatorio (Ciospoa).<\/p>\n<p>Al encabezar dicho acto ante estudiantes y profesionales del ramo, el titular del Poder Ejecutivo asegur\u00f3 que la entidad es una tierra de car\u00e1cter y talento, caracter\u00edsticas que se han empleado para avanzar con buen rumbo en \u00e9ste y otros sectores, lo cual le ha permitido continuar su crecimiento.<\/p>\n<p>Acompa\u00f1ado de los presidentes del Tribunal Superior de Justicia, Marcos Celis Quintal, y de la Junta de Gobierno y Coordinaci\u00f3n Pol\u00edtica del Congreso local, Celia Rivas Rodr\u00edguez, el mandatario constat\u00f3 la obra que Yordan Abdiel Yan Chuc, artista de 19 a\u00f1os, realiz\u00f3 inspirado en la vida de la poblaci\u00f3n maya.<\/p>\n<p>La composici\u00f3n cuenta con las im\u00e1genes de seis destacados juristas de la entidad, como Manuel Crescencio Garc\u00eda Rej\u00f3n y Alcal\u00e1, Felipe Santiago Carrillo Puerto, Salvador Alvarado Rubio, H\u00e9ctor Victoria Aguilar, Rafael Matos Escobedo y Antonia Georgina Alemania Jim\u00e9nez Trava.<\/p>\n<p>Junto con la secretaria Ejecutiva de la Comisi\u00f3n para la Implementaci\u00f3n de la Reforma en Materia de Seguridad y Justicia en el estado, Ana Gabriela Aguilar Ruiz, y el consejero Jur\u00eddico, Carlos Pav\u00f3n Flores, el Gobernador se\u00f1al\u00f3 que esos personajes hist\u00f3ricos reflejan virtudes que tambi\u00e9n caracterizan a los yucatecos de la actualidad.<\/p>\n<p>Democracia, igualdad, libertad y cultura, son los valores sobre los que se construy\u00f3 Yucat\u00e1n y los cuales tenemos la obligaci\u00f3n de defender. Es por ello que considero que este mural se encuentra en el espacio ideal, uno de modernizaci\u00f3n y defensa de las instituciones que nos permiten mantenernos en el rumbo de la seguridad y el desarrollo, puntualiz\u00f3.<\/p>\n<p>Tras rememorar la labor de los impulsores de la justicia retratados, Aguilar Ruiz afirm\u00f3 que la entidad fue de las primeras a nivel nacional en implementar y consolidar el nuevo Sistema de Justicia Oral, fruto del trabajo conjunto entre autoridades y sociedad.<\/p>\n<p>El artista, originario de Um\u00e1n y estudiante de la Universidad Tecnol\u00f3gica Metropolitana (UTM), recibi\u00f3 de manos de Zapata Bello un reconocimiento a su creatividad y capacidad para transmitir emociones a trav\u00e9s de la imagen, rasgos que demostr\u00f3 durante las siete semanas de realizaci\u00f3n del mural, en el que plasm\u00f3 la grandeza del pueblo yucateco.<\/p>\n<p>Posteriormente, el mandatario presenci\u00f3 la conferencia \u201cSistema de Justicia Penal en M\u00e9xico\u201d, impartida por el doctor Sergio Garc\u00eda Ram\u00edrez, quien tambi\u00e9n fue distinguido por el titular del Ejecutivo. Desde la perspectiva de los Derechos Humanos, el expositor comparti\u00f3 sus conocimientos sobre este modelo en el pa\u00eds.<\/p>\n<p><b><i>Discurso del Gobernador Rolando Zapata Bello<\/i><\/b><\/p>\n<p><\/p>\n<\/p>\n<p>Muy buenas tardes tengan todas y todos ustedes. Agradeciendo la oportunidad de compartir esta gran ocasi\u00f3n, saludando con mucho afecto y mucho respeto a los representantes de los Poderes P\u00fablicos del Estado; se\u00f1or presidente del Tribunal Superior de Justicia; distinguidas magistradas, much\u00edsimas gracias; distinguida diputada Celia Rivas, presidenta del honorable Congreso del Estado; me da much\u00edsimo gusto saludar al doctor Sergio Garc\u00eda Ram\u00edrez, agradeci\u00e9ndole que acompa\u00f1e al pueblo de Yucat\u00e1n en esta ocasi\u00f3n tan relevante, siempre su distinguida presencia, doctor.<\/p>\n<p>Saludando, por supuesto, a Yordan Abdiel Yan Chuc, y verdaderamente emocionado aqu\u00ed, saludando a tu familia, por tener en esta gran expresi\u00f3n una expresi\u00f3n m\u00e1s del talento que existe en la juventud yucateca, el talento por el arte, la cultura y augurarte un futuro luminoso, sin duda, que tendr\u00e1s con estas grandes aptitudes y grandes capacidades que tienes; al equipo de compa\u00f1eros que te apoyaron en esta labor, muchas felicidades.<\/p>\n<p>Creo que nos sentimos todos muy satisfechos de que este mural ya forme parte de este gran espacio, que hace un momento compart\u00edamos con el doctor Sergio Garc\u00eda Ram\u00edrez, este gran complejo de justicia, el Centro de Justicia Oral de nuestro estado, el Ciospoa, este espacio que alberga a diversas instituciones para la justicia penal.<\/p>\n<p>Saludando, de igual manera, a la maestra en Derecho Ana Gabriela Aguilar Ruiz, secretaria Ejecutiva de la Comisi\u00f3n para la Implementaci\u00f3n de la Reforma en Materia de Seguridad y Justicia del Estado; a los distinguidos funcionarios que nos acompa\u00f1an esta tarde; de manera particular, saludo con mucho afecto, respeto y reconocimiento a la doctora Dulce Mar\u00eda Sauri Riancho, ex gobernadora de nuestro estado; licenciado Pedro Sierra Lira, siempre con mucho afecto, recipiendario del M\u00e9rito Jur\u00eddico 2017, y a todos quienes nos acompa\u00f1an esta tarde.<\/p>\n<p>Me da gusto ver entre los asistentes lo mismo a operadores del Sistema Jur\u00eddico, abogados, postulantes, pero tambi\u00e9n a estudiantes de Derecho; creo que compartir esta ocasi\u00f3n es tambi\u00e9n fundamental para todo este proceso que hemos estado siguiendo en Yucat\u00e1n y en todo M\u00e9xico para garantizar, ante todo, que la justicia siempre sea una realidad accesible para todos los ciudadanos.<\/p>\n<p>Me permito saludar y agradecer la presencia del maestro Jos\u00e9 Enrique Goff Ailloud, presidente de la Comisi\u00f3n de los Derechos Humanos del Estado, much\u00edsimas gracias, se\u00f1or presidente; a las consejeras de la Comisi\u00f3n, de igual manera, agradecer su presencia y agradecer siempre ese acompa\u00f1amiento que toda la sociedad yucateca siente y sabe que est\u00e1 ah\u00ed, a su acceso para garantizar siempre el pleno respeto a los derechos fundamentales de nuestra sociedad.<\/p>\n<p>Y es que, en una ocasi\u00f3n como esta, vale la pena recordar que la grandeza de un pueblo no se mide por el n\u00famero de sus habitantes, como no se mide por la estatura la grandeza de un hombre \u2013as\u00ed lo dijo V\u00edctor Hugo, uno de los escritores m\u00e1s importantes de nuestros tiempos \u2013, porque la grandeza de un pueblo se mide por el car\u00e1cter de las mujeres y de los hombres que lo conforman, y eso es algo que lo debemos tener siempre muy presente.<\/p>\n<p>En Yucat\u00e1n, lo confirmamos porque la nuestra es una tierra de car\u00e1cter y de talento, es una tierra donde ese car\u00e1cter y ese talento se han utilizado para avanzar juntos. As\u00ed, este mural es la representaci\u00f3n de lo que nos caracteriza a los yucatecos, es el reflejo de la herencia maya que nos une e identifica a todos, y es tambi\u00e9n un reflejo de la visi\u00f3n que llev\u00f3 a Manuel Crescencio Rej\u00f3n a concebir el juicio de amparo.<\/p>\n<p>Este mural es un reflejo del hito que signific\u00f3 tener en una yucateca a la primera mujer que presidi\u00f3 un Tribunal Superior de Justicia en todo el pa\u00eds, como lo es el caso de la abogada Antonia Jim\u00e9nez Trava; es reflejo de la justicia que anhelaba H\u00e9ctor Victoria Aguilar para los trabajadores al redactar el Art\u00edculo 123 de nuestra Constituci\u00f3n, que este a\u00f1o cumple su centenario; refleja tambi\u00e9n el estado al cual Felipe Carrillo Puerto, Salvador Alvarado y Rafael Matos Escobedo se entregaron en cuerpo y alma, un estado donde impera la justicia y el Estado de Derecho.<\/p>\n<p>Cada uno de los yucatecos presentes en este mural es imagen de los valores que nos caracterizan a los yucatecos: justicia, democracia, igualdad, libertad, cultura, los valores sobre los que se construy\u00f3 nuestro estado y los que tenemos la responsabilidad de defender. Por eso, considero que este mural se encuentra en un espacio ideal, porque este Centro de Instituciones Operadoras del Sistema Penal, Oral y Acusatorio es un espacio para la justicia, es un espacio de modernizaci\u00f3n y defensa de las instituciones que nos permiten mantenernos en el rumbo de la seguridad y del desarrollo.<\/p>\n<p>Quienes laboran en este Centro y quienes lo visiten y acudan a \u00e9l encontrar\u00e1n en este mural, sin duda, una fuente de inspiraci\u00f3n.<\/p>\n<p>Estudiantes, fiscales, abogados y ciudadanos, a todos los inspirar\u00e1 a trabajar y a buscar la justicia de forma cotidiana. Porque el estudio, reforma y modernizaci\u00f3n de la ley en beneficio de los ciudadanos es un factor clave de la historia y cultura de Yucat\u00e1n.<\/p>\n<p>Cultura y ley son elementos que se conjugan y encuentran en este Centro, que representa, tal y como lo hace este mural, el ideal al que aspiramos todos: un Yucat\u00e1n justo y con bienestar para todos.<\/p>\n<p>No pod\u00eda haber mejor lugar para este mural que este Centro, por ello yo quiero reiterar la felicitaci\u00f3n al trabajo realizado por el joven artista yucateco Yordan Abdiel Yam Chuc, que como hemos expresado, tuvo el talento de plasmar estas ideas, esta inspiraci\u00f3n y estos conceptos para todos nosotros.<\/p>\n<p>Sin duda, Jordan, has plasmado magistralmente cada una de estas ideas y conceptos, reflejando la manera en que nuestro pasado y nuestro presente se conjugan en la construcci\u00f3n de nuestro futuro.<\/p>\n<p>As\u00ed tambi\u00e9n, a trav\u00e9s de la conferencia magistral del doctor Sergio Garc\u00eda Ram\u00edrez podremos corroborar los avances y los retos que nos plantea el Sistema de Justicia Penal.<\/p>\n<p>Yo le agradezco mucho al doctor Garc\u00eda Ram\u00edrez que nos acompa\u00f1e, que est\u00e1 presente, que comparta con nosotros su conocimiento, su talento y de ser part\u00edcipe de esta noche tan especial para los yucatecos. Muchas gracias por compartir su conocimiento en este espacio de justicia e institucionalidad, los valores que como mencion\u00e9 hace unos minutos, nos identifican.<\/p>\n<p>Yo quisiera tomarme un minuto para compartir una reflexi\u00f3n muy personal, un comentario muy personal. Hace aproximadamente, o alrededor de 20 a\u00f1os dir\u00eda yo, ya iniciando mis actividades en el servicio p\u00fablico, en una ocasi\u00f3n similar a esta, tuve la ocasi\u00f3n de platicar con el entonces gobernador, don V\u00edctor Cervera Pacheco, planteando los posibles conferencistas para una ocasi\u00f3n y, al salir entre las propuestas el doctor Sergio Garc\u00eda Ram\u00edrez, me dijo \u00e9l: \u201cdon Sergio Garc\u00eda Ram\u00edrez, me dijo, es una persona de gran talento, de gran capacidad, pero sobre todo, de gran honestidad intelectual\u201d. &nbsp; &nbsp; &nbsp;<\/p>\n<p>Y por eso, esos valores que usted tiene doctor, le agradecemos mucho que venga aqu\u00ed a compartirlos con nosotros porque a fin de cuentas son los valores que definen el car\u00e1cter de las y los yucatecos.<\/p>\n<p>Esa es la grandeza de nuestra tierra, esa es la grandeza de nuestro pueblo.<\/p>\n<p>\u00a1Much\u00edsimas gracias a todos por compartir esta noche con nosotros!<\/p><\/p>\n","protected":false},"excerpt":{"rendered":"<p>Inaugura el Gobernador el mural \u201cLa justicia yucateca\u201d en el Ciospoa.<\/p>\n","protected":false},"author":1018,"featured_media":0,"comment_status":"open","ping_status":"open","sticky":false,"template":"","format":"standard","meta":{"tdm_status":"","tdm_grid_status":"","footnotes":""},"categories":[21],"tags":[],"_links":{"self":[{"href":"https:\/\/dralvarez.com.mx\/larevista\/wp-json\/wp\/v2\/posts\/58126"}],"collection":[{"href":"https:\/\/dralvarez.com.mx\/larevista\/wp-json\/wp\/v2\/posts"}],"about":[{"href":"https:\/\/dralvarez.com.mx\/larevista\/wp-json\/wp\/v2\/types\/post"}],"author":[{"embeddable":true,"href":"https:\/\/dralvarez.com.mx\/larevista\/wp-json\/wp\/v2\/users\/1018"}],"replies":[{"embeddable":true,"href":"https:\/\/dralvarez.com.mx\/larevista\/wp-json\/wp\/v2\/comments?post=58126"}],"version-history":[{"count":0,"href":"https:\/\/dralvarez.com.mx\/larevista\/wp-json\/wp\/v2\/posts\/58126\/revisions"}],"wp:attachment":[{"href":"https:\/\/dralvarez.com.mx\/larevista\/wp-json\/wp\/v2\/media?parent=58126"}],"wp:term":[{"taxonomy":"category","embeddable":true,"href":"https:\/\/dralvarez.com.mx\/larevista\/wp-json\/wp\/v2\/categories?post=58126"},{"taxonomy":"post_tag","embeddable":true,"href":"https:\/\/dralvarez.com.mx\/larevista\/wp-json\/wp\/v2\/tags?post=58126"}],"curies":[{"name":"wp","href":"https:\/\/api.w.org\/{rel}","templated":true}]}}