{"id":58124,"date":"2017-09-25T00:00:00","date_gmt":"2017-09-25T06:00:00","guid":{"rendered":"https:\/\/dralvarez.com.mx\/larevista\/blog\/carreteras-saca-cosechas-compromiso-cumplido-17707"},"modified":"2017-09-25T00:00:00","modified_gmt":"2017-09-25T06:00:00","slug":"carreteras-saca-cosechas-compromiso-cumplido-17707","status":"publish","type":"post","link":"https:\/\/dralvarez.com.mx\/larevista\/yucatan\/carreteras-saca-cosechas-compromiso-cumplido-17707","title":{"rendered":"Carreteras saca cosechas: compromiso cumplido"},"content":{"rendered":"<p>Con la construcci\u00f3n de la carretera saca cosechas de la cuenca lechera en el oriente del estado, que fortalecer\u00e1 la capacidad productiva de esta actividad, se superar\u00e1 la meta de 300 kil\u00f3metros de estas v\u00edas, planteada por el Gobernador Rolando Zapata Bello para su gesti\u00f3n, por lo que se convierte en otro de los compromisos cumplidos y rebasados antes del tiempo programado.<\/p>\n<p>En gira de trabajo por dicha zona, el mandatario puso en marcha las labores de modernizaci\u00f3n y ampliaci\u00f3n de esta ruta, que va de Sucil\u00e1 a la comisar\u00eda de Chaac Pat. Originalmente, comprend\u00eda 15.5 kil\u00f3metros lineales pero, en un esfuerzo presupuestal conjunto, se extender\u00e1 1.8 para quedar en 17.3.<\/p>\n<p>\u201cEsta no es una acci\u00f3n aislada sino que va enlazada a diferentes programas de repoblamiento del hato ganadero y lechero, al mejoramiento gen\u00e9tico, infraestructura y salas de orde\u00f1a, con lo que se completa el ciclo virtuoso de elevar la producci\u00f3n y comercializar a un mejor precio, para elevar el nivel de vida de las familias que viven de esta actividad\u201d, remarc\u00f3 ante el alcalde anfitri\u00f3n, Diego Lugo Interi\u00e1n.<\/p>\n<p>Acompa\u00f1ado de los secretarios de Desarrollo Rural y Social, Juan Jos\u00e9 Canul P\u00e9rez y Mauricio Sahu\u00ed Rivero, respectivamente, Zapata Bello dio el banderazo de inicio de las obras carreteras y convoc\u00f3 a los trabajadores del campo yucateco a luchar para continuar el rumbo del crecimiento.<\/p>\n<p>\u201cEl camino y la din\u00e1mica de Yucat\u00e1n no se debe detener, hoy vamos por buen rumbo en todos los \u00e1mbitos, donde cada quien hace su parte y eso hay que defenderlo\u201d, apunt\u00f3 e hizo hincapi\u00e9 en que a\u00fan despu\u00e9s de su administraci\u00f3n, seguir\u00e1 contribuyendo al bienestar de la entidad.<\/p>\n<p>Por su parte, Canul P\u00e9rez se\u00f1al\u00f3 que este tramo, en el que se invierten 23.8 millones de pesos, beneficiar\u00e1 a 48 espacios ganaderos, 164 productores y unidades de manera indirecta, y m\u00e1s de 987 comercializadores, transportistas, jornaleros y trabajadores del campo, en una superficie superior a tres mil 450 hect\u00e1reas.<\/p>\n<p>Despu\u00e9s de que el representante del ramo lechero, Manuel Camelo Braga, manifest\u00f3 su benepl\u00e1cito por esta obra, el titular del Instituto de Infraestructura Carretera de Yucat\u00e1n (Incay), Javier Osante Sol\u00eds, especific\u00f3 que de 227 compromisos, 17 corresponden a acciones viales y \u00e9ste es el n\u00famero 47. Adem\u00e1s, en cinco a\u00f1os, se construy\u00f3 y entreg\u00f3 292 kil\u00f3metros en 19 municipios, con recursos por 230 millones de pesos.<\/p>\n<p>Junto con el director General del Patronato de las Unidades de Servicios Culturales y Tur\u00edsticos (Cultur), Dafne L\u00f3pez Mart\u00ednez, el Gobernador devel\u00f3 la placa alusiva a la inauguraci\u00f3n del Parador Tur\u00edstico y Comercial de Sucil\u00e1, edificado a la altura del kil\u00f3metro 145 de la carretera M\u00e9rida-Tizim\u00edn, en el que se erog\u00f3 8.4 millones de pesos. Con 20 locales, cuatro ba\u00f1os p\u00fablicos y estacionamiento, generar\u00e1 80 empleos directos.<\/p>\n<p>Como parte del recorrido, Zapata Bello entreg\u00f3 formalmente la reconstrucci\u00f3n del muro de contenci\u00f3n mar\u00edtimo en la localidad de Dzilam de Bravo, cuyo costo fue de 22 millones de pesos y consisti\u00f3 en demoler las partes deterioradas, remover los escombros resultantes y excavar para colocar moldes met\u00e1licos, con tecnolog\u00eda de punta para garantizar la posici\u00f3n correcta.<\/p>\n<p>En su intervenci\u00f3n, el titular del Instituto para la Construcci\u00f3n y Conservaci\u00f3n de la Obra P\u00fablica de Yucat\u00e1n (Inccopy), Gilberto Enr\u00edquez y Soberanis, explic\u00f3 que se coloc\u00f3 una membrana geotextil de polipropileno en la base de los moldes y se rellen\u00f3 las \u00e1reas con material de excavaci\u00f3n, cuyo objetivo es permitir que el agua ingrese cuando suba la marea de manera que, al bajar, \u00fanicamente regrese el l\u00edquido al mar para que el relleno quede contenido en dicha capa.<\/p>\n<p>Ante los habitantes del lugar, el mandatario inform\u00f3 que la obra otorgada es una primera etapa e hizo el compromiso de efectuar 400 metros lineales m\u00e1s antes de que concluya su gesti\u00f3n, con lo que estar\u00eda cubierto en su totalidad el requerimiento de la zona.<\/p>\n<p>Finalmente, dio el banderazo de inicio de la edificaci\u00f3n de la cancha de fut-7, que beneficiar\u00e1 a ni\u00f1os, j\u00f3venes y adultos de Dzilam de Bravo. Adem\u00e1s, supervis\u00f3 la construcci\u00f3n de calles en Sucil\u00e1, y la modernizaci\u00f3n de la carretera entre Telchac Puerto y Dzilam de Bravo, de casi 40 kil\u00f3metros, para la que se aplic\u00f3 recursos por 187.3 millones de pesos.<\/p>\n<p><b><i>Discurso del Gobernador Rolando Zapata Bello<\/i><\/b>&nbsp;<\/p>\n<\/p>\n<p>Me siento muy contento de estar aqu\u00ed y le agradezco mucho a Diego, presidente municipal, sus palabras; es importante o\u00edr c\u00f3mo nos haces la narrativa de las gestiones intensas, en\u00e9rgicas, \u00bfverdad? Pero me da gusto, porque as\u00ed es como se consiguen las cosas: luchando, trabajando, siempre de manera conjunta.<u><\/u><u><\/u><\/p>\n<p>Con la diputada Chary, aqu\u00ed est\u00e1 la diputada Chary, muchas gracias, diputada Chary; diputado Felipe Cervera, much\u00edsimas gracias, Felipe, aqu\u00ed presente; a los funcionarios que se encuentran, de igual manera, aqu\u00ed presentes; a Memo Canul, Juan Jos\u00e9, el secretario de Desarrollo Rural.<u><\/u><u><\/u><\/p>\n<p>A Javier Osante del Incay, muchas gracias; muchas gracias al ingeniero Daniel Quintal, secretario de Obras P\u00fablicas; Mauricio Sahu\u00ed, secretario de Desarrollo Social, en un momento m\u00e1s vamos a la inauguraci\u00f3n del parador que, de igual manera, con suma de esfuerzos se realiz\u00f3.<u><\/u><u><\/u><\/p>\n<p>Jes\u00fas Vidal, muchas gracias; a Nacho Mendicuti, delegado de la Conagua, y bueno, al comisario, muchas gracias; don Manuel, por supuesto, me informan que estamos aqu\u00ed en sus terrenos, muchas gracias por la anfitrion\u00eda; al presidente de la Asociaci\u00f3n; a todos, todos quienes nos encontramos aqu\u00ed.<u><\/u><u><\/u><\/p>\n<p>Miren, yo s\u00e9 perfectamente que esta es una ocasi\u00f3n muy importante; no es lo mismo que yo venga y que lo escuche a que lo sienta, que es lo que me est\u00e1n transmitiendo ustedes: un sentimiento.<u><\/u><u><\/u><\/p>\n<p>Porque, como bien dicen, han sido muchos a\u00f1os y yo lo que les quiero garantizar es que \u00e9sta es una acci\u00f3n que estamos realizando porque es un compromiso, porque hicimos el compromiso de hacer 300 kil\u00f3metros de carreteras que les llamamos \u201csaca cosechas\u201d, que son carreteras productivas.<u><\/u><u><\/u><\/p>\n<p>Y yo con ustedes hago una reflexi\u00f3n. F\u00edjense: iniciamos en el Gobierno hace cinco a\u00f1os ya, pr\u00e1cticamente, la pr\u00f3xima semana vamos a cumplir cinco a\u00f1os de Gobierno, y ten\u00edamos muy claro que era una necesidad; ahorita, estamos rebasando los 300 kil\u00f3metros con estas carreteras.<u><\/u><u><\/u><\/p>\n<p>El compromiso fue 300 kil\u00f3metros y, con \u00e9stas, vamos a llegar a 307 y la necesidad es mayor, son m\u00e1s, se necesitan m\u00e1s carreteras en el sur, en el oriente, en diferentes regiones del estado, pero siempre hemos cuidado el tener una adecuada priorizaci\u00f3n.<u><\/u><u><\/u><\/p>\n<p>Existe mucha necesidad pero siempre analizamos por qu\u00e9 vamos a hacerlo aqu\u00ed y cuidar que cubra los diferentes aspectos de un proyecto completo y, en este caso, nosotros con mucho orgullo decimos que esta es la carretera de la &#8220;cuenca lechera\u201d, \u00bfverdad? \u201cCuenca lechera\u201d porque aqu\u00ed est\u00e1 la principal regi\u00f3n de producci\u00f3n lechera-ganadera de nuestro estado.<u><\/u><u><\/u><\/p>\n<p>Y sabemos que se ha trabajado con mucha dedicaci\u00f3n durante much\u00edsimos a\u00f1os. \u00bfCu\u00e1ntos a\u00f1os podr\u00edamos decir, como 40? 40, 45 a\u00f1os que se viene trabajando en toda la regi\u00f3n y siempre con una gran vocaci\u00f3n, en muchos casos, por generaciones: los pap\u00e1s, los abuelos, las nuevas generaciones lo vienen trabajando.<u><\/u><u><\/u><\/p>\n<p>Ahora, nosotros ve\u00edamos desde que iniciamos nuestra administraci\u00f3n que, desafortunadamente, cuando iniciamos la administraci\u00f3n, de los 32 estados, est\u00e1bamos en el lugar 32 en producci\u00f3n lechera, y se los digo as\u00ed porque somos amigos y porque siempre nos hemos hablado as\u00ed, a m\u00ed es lo que la gente me dice: \u201cRolando, qu\u00e9 bueno, nos gusta que hablemos con la verdad\u201d.<u><\/u><u><\/u><\/p>\n<p>Y as\u00ed como nosotros decimos que, como estado, estamos en el primer lugar en tal indicador o en primer lugar, pues tambi\u00e9n \u00e9sta es una tarea pendiente; cuando uno tiene una tarea pendiente, \u00bfqu\u00e9 es lo que tiene que hacer? Poner manos a la obra, no ponernos a lamentar sino decir qu\u00e9 tenemos que hacer.<u><\/u><u><\/u><\/p>\n<p>Y por eso, desde hace alg\u00fan tiempo, hemos hecho programas que a ustedes les consta: el programa del repoblamiento del hato ganadero, lechero, espec\u00edficamente; el propio programa de mejoramiento gen\u00e9tico, que permite ir repoblando y generando; el equipamiento, la infraestructura, las salas de orde\u00f1a, bueno, todo ese equipamiento que se viene realizando.<u><\/u><u><\/u><\/p>\n<p>Sabemos perfectamente que, tanto en el repoblamiento del hato ganadero como en el equipamiento, le habr\u00e1 tocado a muchos, y faltar\u00e1n otros que tambi\u00e9n lo necesiten y tambi\u00e9n quieran, pero les quiero decir que, con el reforzamiento y el repoblamiento del hato ganadero, y con el apoyo y con la infraestructura, que fueron compromisos, se va fortaleciendo la capacidad productiva, se va ampliando la producci\u00f3n.<u><\/u><u><\/u><\/p>\n<p>Nuestra apuesta es que se incremente la producci\u00f3n y eso viene enlazado con la necesidad de una infraestructura como \u00e9sta; se necesita que haya una carrera adecuada. Si voy a producir m\u00e1s, si ya voy a estar produciendo m\u00e1s en mejores condiciones, pues se necesita una carretera.<u><\/u><u><\/u><\/p>\n<p>Porque la vemos, yo la veo ac\u00e1 y me dice el se\u00f1or presidente \u201c\u00e9sta es la mejor parte; ya despu\u00e9s, viene en condiciones mucho m\u00e1s precarias\u201d, y nosotros sabemos lo que eso significa: problemas para los veh\u00edculos que, cuando entran, se da\u00f1an; estr\u00e9s para los propios animales, y muchas cosas. Entonces, lo que les quiero decir es que esta carretera, de alguna manera, no es un hecho aislado.<u><\/u><u><\/u><\/p>\n<p>Se lo comparto a los compa\u00f1eros de la prensa para que as\u00ed se comuniquen: no es una acci\u00f3n aislada; es una acci\u00f3n que va encadenada o vinculada a otras acciones de infraestructura, de mejoramiento gen\u00e9tico, de mejoramiento del hato, para fortalecer la capacidad que existe en nuestro estado en materia de producci\u00f3n lechera-ganadera en t\u00e9rminos generales, y yo s\u00e9 que esta acci\u00f3n que se est\u00e1 haciendo le va a beneficiar en mucho a Yucat\u00e1n.<u><\/u><u><\/u><\/p>\n<p>Recuerdo cuando empez\u00e1bamos el camino a la gubernatura, y nos reun\u00edamos y yo les preguntaba qu\u00e9 es lo que esperan de su pr\u00f3ximo Gobierno, y en muchos casos, lo que me dec\u00edan era muy concreto. Me dec\u00edan: \u201cRolando, nosotros no queremos que nos regalen las cosas, nosotros queremos que el Gobierno haga su parte y nosotros hacemos nuestra parte\u201d.<u><\/u><u><\/u><\/p>\n<p>Ustedes han estado haciendo su parte durante muchos a\u00f1os, en condiciones, en ocasiones, no adecuadas, de una carretera que hac\u00eda falta, etc\u00e9tera; ahora, estamos haciendo nuestra parte nosotros, y ahora que van a existir estas mejores condiciones, yo s\u00e9 perfectamente que va a incrementar la producci\u00f3n.<u><\/u><u><\/u><\/p>\n<p>Estamos trabajando muy fuerte con todas las dependencias, con el Ayuntamiento, con el Gobierno federal, para garantizar que ustedes no s\u00f3lo tengan la capacidad para producir m\u00e1s y producir mejor, sino tambi\u00e9n para poder comercializar mejor su producto, para poder vender la leche en mejores condiciones, en mejor precio.<u><\/u><u><\/u><\/p>\n<p>Porque s\u00f3lo de esa manera se va a dar ese c\u00edrculo o ese ciclo virtuoso de contar con los elementos de producir m\u00e1s y de vender mejor; estamos trabajando en eso y s\u00e9 perfectamente que esta carretera va abonar mucho en eso.<u><\/u><u><\/u><\/p>\n<p>Ya nos dijeron ac\u00e1 las caracter\u00edsticas por don Javier: va a ser una carretera de 4.5 metros de ancho, con su base, doble riego, sello para que dure muchos a\u00f1os. Ah\u00ed vamos a estar muy pendientes de don Javier y de la empresa constructora para que sea de muy buena calidad, porque eso es importante, que les dure muchos a\u00f1os para que, durante muchos a\u00f1os, se d\u00e9 la producci\u00f3n.<u><\/u><u><\/u><\/p>\n<p>Y un dato les quiero dar, aqu\u00ed dec\u00eda el director Javier Osante de los 15.5 kil\u00f3metros, 15.5 kil\u00f3metros es el proyecto original, pero hemos trabajado ac\u00e1 con el presidente municipal y todo, y se requiere all\u00e1 un tramo m\u00e1s y todo, \u00bfno?<u><\/u><u><\/u><\/p>\n<p>Y creo que, de entrada, para esta obra que estamos haciendo, en vez de 15.5 van a ser como 16.7. Estamos aumentado un tramo m\u00e1s, m\u00e1s o menos como de kil\u00f3metro y medio de lo que estaba previsto; como dice el presidente municipal: \u201cpues si ya va a estar aqu\u00ed la maquinaria, de una vez, que lo haga\u201d.<u><\/u><u><\/u><\/p>\n<p>Y sabemos tambi\u00e9n, me dec\u00eda el presidente, que hay otros circuitos, \u00bfverdad? Hay otros circuitos que tambi\u00e9n se requieren. Yo, como le digo a todos los compa\u00f1eros, el otro d\u00eda estaba en el sur, est\u00e1bamos all\u00e1 con Felipe por el sur y all\u00e1 tambi\u00e9n hay mucha necesidad de las carreteras saca cosecha.<u><\/u><u><\/u><\/p>\n<p>Y yo lo que les digo es \u201cmiren, nosotros, cuando llegamos, sab\u00edamos que hab\u00eda un retraso importante en las carreteras saca cosechas; ya hicimos 300 kil\u00f3metros y no porque hayamos llegado a la meta de 300 vamos a parar, nos queda un a\u00f1o y vamos a seguir trabajando.<u><\/u><u><\/u><\/p>\n<p>\u201cY qu\u00e9 bueno, las metas son para superarse, pero nuestro Gobierno termina dentro de un a\u00f1o \u2013porque ya estamos cumpliendo cinco a\u00f1os\u2013, termina nuestro Gobierno pero el camino y la din\u00e1mica de Yucat\u00e1n no se deben de detener\u201d, y eso es algo que yo, ya no como Gobernador sino como amigo, se los digo.<u><\/u><u><\/u><\/p>\n<p>Hoy estamos en un buen camino, estamos en un buen rumbo; los n\u00fameros, los indicadores, la producci\u00f3n, la econom\u00eda, el combate a la pobreza, la seguridad, todos esos temas, en todas las materias podemos acreditar que juntos, el pueblo, los ciudadanos haciendo su parte y el Gobierno haciendo su parte, le hemos dado a Yucat\u00e1n un buen rumbo, un buen camino.<u><\/u><u><\/u><\/p>\n<p>Concluye nuestro Gobierno, es cierto, pero es importante que ustedes, como ciudadanos, cuiden, garanticen, luchen y defiendan que el rumbo de Yucat\u00e1n se mantenga, porque es un rumbo que le debe dar, no s\u00f3lo a nuestras generaciones sino a las pr\u00f3ximas generaciones, condiciones para que haya crecimiento econ\u00f3mico, bienestar social, justicia social y seguridad, que son las bases para que toda sociedad viva en armon\u00eda.<u><\/u><u><\/u><\/p>\n<p>Ya despu\u00e9s del 2018, no me tocar\u00e1 verlo como Gobernador, pero siempre como amigo de ustedes, estaremos dispuestos a seguir apoyando para que Yucat\u00e1n sea muy grande, le vaya muy bien y, particularmente, para que a Sucil\u00e1 le vaya muy bien, y a todos los productores, ganaderos, lecheros, y la gente trabajadora y bonita de ac\u00e1.<u><\/u><u><\/u><\/p>\n<p>\u00a1Muchas gracias! \u00a1Muy buenos d\u00edas!<\/p><\/p>\n","protected":false},"excerpt":{"rendered":"<p>Con el camino de la cuenca lechera del oriente, ya son m\u00e1s de 300 kil\u00f3metros de estas v\u00edas.<\/p>\n","protected":false},"author":1018,"featured_media":0,"comment_status":"open","ping_status":"open","sticky":false,"template":"","format":"standard","meta":{"tdm_status":"","tdm_grid_status":"","footnotes":""},"categories":[21],"tags":[],"_links":{"self":[{"href":"https:\/\/dralvarez.com.mx\/larevista\/wp-json\/wp\/v2\/posts\/58124"}],"collection":[{"href":"https:\/\/dralvarez.com.mx\/larevista\/wp-json\/wp\/v2\/posts"}],"about":[{"href":"https:\/\/dralvarez.com.mx\/larevista\/wp-json\/wp\/v2\/types\/post"}],"author":[{"embeddable":true,"href":"https:\/\/dralvarez.com.mx\/larevista\/wp-json\/wp\/v2\/users\/1018"}],"replies":[{"embeddable":true,"href":"https:\/\/dralvarez.com.mx\/larevista\/wp-json\/wp\/v2\/comments?post=58124"}],"version-history":[{"count":0,"href":"https:\/\/dralvarez.com.mx\/larevista\/wp-json\/wp\/v2\/posts\/58124\/revisions"}],"wp:attachment":[{"href":"https:\/\/dralvarez.com.mx\/larevista\/wp-json\/wp\/v2\/media?parent=58124"}],"wp:term":[{"taxonomy":"category","embeddable":true,"href":"https:\/\/dralvarez.com.mx\/larevista\/wp-json\/wp\/v2\/categories?post=58124"},{"taxonomy":"post_tag","embeddable":true,"href":"https:\/\/dralvarez.com.mx\/larevista\/wp-json\/wp\/v2\/tags?post=58124"}],"curies":[{"name":"wp","href":"https:\/\/api.w.org\/{rel}","templated":true}]}}