{"id":58122,"date":"2017-09-25T00:00:00","date_gmt":"2017-09-25T06:00:00","guid":{"rendered":"https:\/\/dralvarez.com.mx\/larevista\/blog\/equidad-de-genero-mas-alla-del-discurso-liborio-vidal-17705"},"modified":"2017-09-25T00:00:00","modified_gmt":"2017-09-25T06:00:00","slug":"equidad-de-genero-mas-alla-del-discurso-liborio-vidal-17705","status":"publish","type":"post","link":"https:\/\/dralvarez.com.mx\/larevista\/yucatan\/equidad-de-genero-mas-alla-del-discurso-liborio-vidal-17705","title":{"rendered":"Equidad de g\u00e9nero m\u00e1s all\u00e1 del discurso: Liborio Vidal"},"content":{"rendered":"<\/p>\n<p>La equidad de g\u00e9nero no puede ser solamente un discurso, as\u00ed qued\u00f3 manifiesto en una reuni\u00f3n que tuvo Liborio Vidal Aguilar con un grupo de mujeres empresarias con quienes comparti\u00f3 c\u00f3mo ha sido su experiencia en ambos sectores: el p\u00fablico y el privado, y escuch\u00f3 la opini\u00f3n que este grupo tiene de sobre temas como la equidad de g\u00e9nero, desarrollo empresarial, pol\u00edtica y crecimiento econ\u00f3mico para el Estado.<\/p>\n<p>Vidal Aguilar comparti\u00f3 con las empresarias la importancia de que las mujeres sean empoderadas en la vida profesional, en la pol\u00edtica y a nivel social, y las felicit\u00f3 por ser parte de un sector que contribuye con algo que es de gran inter\u00e9s para los yucatecos: la generaci\u00f3n de empleo.<\/p>\n<p>\u201cMe da mucho estar con ustedes que son distinguidas empresarias que han luchado, que est\u00e1n organizadas, que tienen excelentes relaciones y que son conscientes y trabajan para tener un estado pr\u00f3spero\u201d, destac\u00f3 Vidal Aguilar.<\/p>\n<p>\u201cYucat\u00e1n est\u00e1 creciendo, es ejemplo en generaci\u00f3n de empleos a nivel nacional y esto es fruto del trabajo de Rolando Zapata Bello, quien est\u00e1 sentando las bases para que nuestro Estado contin\u00fae en la ruta de crecimiento y ustedes son parte fundamental en este camino\u201d, dijo.<\/p>\n<p>El #AmigoLibo habl\u00f3 de las ventajas competitivas de la entidad, entre las que destaca la vocaci\u00f3n tur\u00edstica, la ubicaci\u00f3n geogr\u00e1fica, el puerto de altura que pronto podr\u00e1 tendr\u00e1 mayor calado, la Zona Econ\u00f3mica Especial, las pol\u00edticas p\u00fablicas sociales y la oportunidad de ser los proveedores de otras entidades federativas e incluso de otros pa\u00edses.<\/p>\n<p>Agreg\u00f3 la importancia de garantizar igualdad de oportunidades para los empresarios yucatecos, generar estrategias para contar con capital humano mejor calificado y buscar que las empresas extranjeras establezcan contacto con empresarios yucatecos.<\/p>\n<p>Liborio Vidal plante\u00f3 un proyecto de desarrollo que pone al sector empresarial como base fundamental de desarrollo, al ser los principales generadores de empleo y al Estado como el facilitador para que las condiciones sean favorables para su consolidaci\u00f3n.<\/p><\/p>\n","protected":false},"excerpt":{"rendered":"<p>\u201cLas mujeres empresarias son fundamentales para el desarrollo del Estado\u201d<\/p>\n","protected":false},"author":1018,"featured_media":0,"comment_status":"open","ping_status":"open","sticky":false,"template":"","format":"standard","meta":{"tdm_status":"","tdm_grid_status":"","footnotes":""},"categories":[21],"tags":[],"_links":{"self":[{"href":"https:\/\/dralvarez.com.mx\/larevista\/wp-json\/wp\/v2\/posts\/58122"}],"collection":[{"href":"https:\/\/dralvarez.com.mx\/larevista\/wp-json\/wp\/v2\/posts"}],"about":[{"href":"https:\/\/dralvarez.com.mx\/larevista\/wp-json\/wp\/v2\/types\/post"}],"author":[{"embeddable":true,"href":"https:\/\/dralvarez.com.mx\/larevista\/wp-json\/wp\/v2\/users\/1018"}],"replies":[{"embeddable":true,"href":"https:\/\/dralvarez.com.mx\/larevista\/wp-json\/wp\/v2\/comments?post=58122"}],"version-history":[{"count":0,"href":"https:\/\/dralvarez.com.mx\/larevista\/wp-json\/wp\/v2\/posts\/58122\/revisions"}],"wp:attachment":[{"href":"https:\/\/dralvarez.com.mx\/larevista\/wp-json\/wp\/v2\/media?parent=58122"}],"wp:term":[{"taxonomy":"category","embeddable":true,"href":"https:\/\/dralvarez.com.mx\/larevista\/wp-json\/wp\/v2\/categories?post=58122"},{"taxonomy":"post_tag","embeddable":true,"href":"https:\/\/dralvarez.com.mx\/larevista\/wp-json\/wp\/v2\/tags?post=58122"}],"curies":[{"name":"wp","href":"https:\/\/api.w.org\/{rel}","templated":true}]}}