{"id":58120,"date":"2017-09-25T00:00:00","date_gmt":"2017-09-25T06:00:00","guid":{"rendered":"https:\/\/dralvarez.com.mx\/larevista\/blog\/insiste-el-dr-manuel-diaz-en-motivar-a-la-juventud-17703"},"modified":"2017-09-25T00:00:00","modified_gmt":"2017-09-25T06:00:00","slug":"insiste-el-dr-manuel-diaz-en-motivar-a-la-juventud-17703","status":"publish","type":"post","link":"https:\/\/dralvarez.com.mx\/larevista\/yucatan\/insiste-el-dr-manuel-diaz-en-motivar-a-la-juventud-17703","title":{"rendered":"Insiste el Dr. Manuel D\u00edaz en motivar a la juventud"},"content":{"rendered":"<\/p>\n<p>En el marco de la semana nacional de los adolescentes el Dr. Manuel D\u00edaz Su\u00e1rez, Diputado Local, convivi\u00f3 este viernes con  m\u00e1s de 200 j\u00f3venes de secundar\u00eda y bachillerato de diferentes puntos de M\u00e9rida, en el parque del Fraccionamiento del Parque.<\/p>\n<p>El Legislador se dirigi\u00f3 a los muchachos para darles un mensaje de  motivaci\u00f3n y aliento; as\u00ed como para hablarles de temas de importancia para ellos, como son: la prevenci\u00f3n de adicciones, cuidar su salud integral en especial la salud mental, record\u00e1ndoles que \u00faltimamente muchos factores como en redes sociales, la econom\u00eda, el medio ambiente, la pol\u00edtica ha generado un clima de tensi\u00f3n, de estr\u00e9s, y que se ve reflejado en la alza en depresi\u00f3n a temprana edad, y lamentablemente algunos derivan en suicidio.<\/p>\n<p>\u201cEl llamado es que disfruten de la vida, aprovechen su momento, canalicen su energ\u00eda de manera positiva. Muchas veces el tiempo de crisis, es un tiempo de oportunidades. En ning\u00fan momento pierdan el \u00e1nimo, mot\u00edvense en luchar para construir una mejor sociedad. Tengo mucha fe en las generaciones j\u00f3venes, que son ustedes\u201d, puntualiz\u00f3 el Dr. D\u00edaz Su\u00e1rez.<\/p>\n<p>De igual manera, el Diputado Local del V Distrito entreg\u00f3 material deportivo para fomentar la actividad f\u00edsica entre los asistentes. En el magno evento tambi\u00e9n participaron psic\u00f3logos, m\u00e9dicos, especialistas y asesores para brindar a los j\u00f3venes herramientas s\u00f3lidas que les servir\u00e1n a los \u201cchavos\u201d en su vida diaria.<\/p>\n<p>Por su parte, la Dr. Carolina Capetillo Gonz\u00e1lez, encargada de la unidad urbana de Pacabt\u00fan, se\u00f1al\u00f3 que el evento fue la clausura del semana nacional de la juventud  2017, dijo: \u201cEsta vez traemos pl\u00e1ticas con una psic\u00f3loga profesional, los j\u00f3venes van a tener actividades recreativas, juegos, se les va a dar refrigerios; son pl\u00e1ticas de salud para la prevenci\u00f3n del embarazo de adolescentes, obesidad, nutrici\u00f3n, violencia, bullyng; son temas que est\u00e1n en el d\u00eda a d\u00eda de los j\u00f3venes y los estamos para asesorarlos y guiarlos\u201d, se\u00f1al\u00f3.<\/p><\/p>\n","protected":false},"excerpt":{"rendered":"<p>En el marco de la semana nacional de los adolescentes el Dr. Manuel D\u00edaz Su\u00e1rez, Diputado Local, convivi\u00f3 este viernes con  m\u00e1s de 200 j\u00f3venes de secu<\/p>\n","protected":false},"author":1018,"featured_media":0,"comment_status":"open","ping_status":"open","sticky":false,"template":"","format":"standard","meta":{"tdm_status":"","tdm_grid_status":"","footnotes":""},"categories":[21],"tags":[],"_links":{"self":[{"href":"https:\/\/dralvarez.com.mx\/larevista\/wp-json\/wp\/v2\/posts\/58120"}],"collection":[{"href":"https:\/\/dralvarez.com.mx\/larevista\/wp-json\/wp\/v2\/posts"}],"about":[{"href":"https:\/\/dralvarez.com.mx\/larevista\/wp-json\/wp\/v2\/types\/post"}],"author":[{"embeddable":true,"href":"https:\/\/dralvarez.com.mx\/larevista\/wp-json\/wp\/v2\/users\/1018"}],"replies":[{"embeddable":true,"href":"https:\/\/dralvarez.com.mx\/larevista\/wp-json\/wp\/v2\/comments?post=58120"}],"version-history":[{"count":0,"href":"https:\/\/dralvarez.com.mx\/larevista\/wp-json\/wp\/v2\/posts\/58120\/revisions"}],"wp:attachment":[{"href":"https:\/\/dralvarez.com.mx\/larevista\/wp-json\/wp\/v2\/media?parent=58120"}],"wp:term":[{"taxonomy":"category","embeddable":true,"href":"https:\/\/dralvarez.com.mx\/larevista\/wp-json\/wp\/v2\/categories?post=58120"},{"taxonomy":"post_tag","embeddable":true,"href":"https:\/\/dralvarez.com.mx\/larevista\/wp-json\/wp\/v2\/tags?post=58120"}],"curies":[{"name":"wp","href":"https:\/\/api.w.org\/{rel}","templated":true}]}}