{"id":58107,"date":"2017-09-22T00:00:00","date_gmt":"2017-09-22T06:00:00","guid":{"rendered":"https:\/\/dralvarez.com.mx\/larevista\/blog\/con-vinculacion-empresarial-crece-la-economia-del-estado-17690"},"modified":"2017-09-22T00:00:00","modified_gmt":"2017-09-22T06:00:00","slug":"con-vinculacion-empresarial-crece-la-economia-del-estado-17690","status":"publish","type":"post","link":"https:\/\/dralvarez.com.mx\/larevista\/yucatan\/con-vinculacion-empresarial-crece-la-economia-del-estado-17690","title":{"rendered":"Con vinculaci\u00f3n empresarial, crece la econom\u00eda del estado"},"content":{"rendered":"<\/p>\n<p>M\u00e9rida,<br \/>\nYucat\u00e1n, 22 de septiembre 2017.- El trabajo conjunto, la comunicaci\u00f3n y un<br \/>\nsector empresarial eficientemente vinculado, son factores necesarios para el<br \/>\ndesarrollo econ\u00f3mico y social de un estado, se\u00f1al\u00f3 el titular de la Secretar\u00eda<br \/>\nde Fomento Econ\u00f3mico (Sefoe), Ernesto Herrera Novelo, durante la inauguraci\u00f3n<br \/>\nde la sexta edici\u00f3n del Canaco Business Club. <\/p>\n<p>En<br \/>\nrepresentaci\u00f3n del Gobernador Rolando Zapata Bello, el funcionario resalt\u00f3 la<br \/>\nlabor de la C\u00e1mara Nacional de Comercio, Servicios y Turismo (Canaco-Servytur)<br \/>\nde M\u00e9rida al realizar actividades que abonan al crecimiento que est\u00e1 viviendo<br \/>\nla entidad, detonado por las inversiones de capital nacional y extranjero en<br \/>\ndistintos sectores. <\/p>\n<p>\u201cLa mejor<br \/>\nmanera de poder avanzar es que la proveedur\u00eda de todas y cada una de esas<br \/>\nempresas que se est\u00e1n estableciendo sea de gente de Yucat\u00e1n y en especial de<br \/>\nesta C\u00e1mara de Comercio\u201d, apunt\u00f3. <\/p>\n<p>Agradeci\u00f3 a<br \/>\nlas 180 firmas participantes por ser actores clave en el desarrollo del estado<br \/>\ny por reconocer la importancia de la vinculaci\u00f3n para la expansi\u00f3n. Tambi\u00e9n,<br \/>\ndestac\u00f3 que el sector comercio y servicios representa m\u00e1s del 60 por ciento de<br \/>\nla econom\u00eda estatal, as\u00ed como la mayor\u00eda de los empleos existentes.<\/p>\n<p>&nbsp;El<br \/>\ntitular de la Sefoe se comprometi\u00f3 a acercar a los directivos de las<br \/>\ncompa\u00f1\u00edas  inversionistas que han llegado a la entidad a los socios de la<br \/>\nCanaco-Servytur, a fin de que presenten sus proyectos y los hombres de negocios<br \/>\nlocales cuenten con la oportunidad de sumarse a \u00e9stos.<\/p>\n<p>&nbsp;Por su<br \/>\nparte, el presidente de dicha C\u00e1mara, Juan Jos\u00e9 Abraham Daguer, destac\u00f3 el<br \/>\nvalor de los nexos inmediatos entre compradores y vendedores para<br \/>\nampliar mercados y estrechar relaciones comerciales.<\/p>\n<p>&nbsp;\u201cSolamente<br \/>\nlogrando crecer como sociedad y como empresa podremos ir mejorando cada d\u00eda, ya<br \/>\nque una econom\u00eda fuerte es aquella que logra entrelazar a los diversos sectores<br \/>\npara dinamizar el flujo interno\u201d, expuso.<\/p>\n<p>&nbsp;A\u00f1adi\u00f3<br \/>\nque se tiene registro de que m\u00e1s del 70 por ciento de los participantes<br \/>\nalcanzan a concertar acuerdos y que al menos el 40 por ciento de ellos lograr\u00e1n<br \/>\nuna transacci\u00f3n comercial el mismo d\u00eda, porcentaje que se incrementa al 75 por<br \/>\nciento en las siguientes semanas.<\/p>\n<p>&nbsp;El<br \/>\npresidente del Comit\u00e9 Organizador del Canaco Business Club,<br \/>\nGonzalo Novelo Luj\u00e1n, detall\u00f3 que el evento se divide en un \u00e1rea de vinculaci\u00f3n<br \/>\nempresarial y otra para <i>speednetworking<\/i>, en la que se realizan<br \/>\ncitas de tres minutos de duraci\u00f3n entre gerentes de compra y vendedores. Esta<br \/>\nedici\u00f3n se efectu\u00f3 con el tema de negocios sustentables.<\/p>\n<p>&nbsp;Asistieron,<br \/>\nel delegado de la Secretar\u00eda de Econom\u00eda, Adolfo Peniche P\u00e9rez; la directora de<br \/>\nTurismo y Promoci\u00f3n Econ\u00f3mica del Ayuntamiento de M\u00e9rida, Carolina C\u00e1rdenas<br \/>\nSosa y el titular de la Secretar\u00eda de Desarrollo Urbano y Medio Ambiente,<br \/>\nEduardo Batllori Sampedro.<\/p>\n<p>&nbsp;Asimismo,<br \/>\nel director General del Fondo Yucat\u00e1n, Juan Carlos Azar Rivero; el coordinador<br \/>\nEstatal de la Polic\u00eda Federal, Julio C\u00e9sar Mart\u00ednez Arredondo y el presidente<br \/>\nmunicipal de M\u00e9rida, Mauricio Vila Dosal.<\/p><\/p>\n","protected":false},"excerpt":{"rendered":"<p>El trabajo conjunto, la comunicaci\u00f3n y un sector empresarial eficientemente vinculado, son factores necesarios para el desarrollo econ\u00f3mico y social d<\/p>\n","protected":false},"author":1018,"featured_media":0,"comment_status":"open","ping_status":"open","sticky":false,"template":"","format":"standard","meta":{"tdm_status":"","tdm_grid_status":"","footnotes":""},"categories":[21],"tags":[],"_links":{"self":[{"href":"https:\/\/dralvarez.com.mx\/larevista\/wp-json\/wp\/v2\/posts\/58107"}],"collection":[{"href":"https:\/\/dralvarez.com.mx\/larevista\/wp-json\/wp\/v2\/posts"}],"about":[{"href":"https:\/\/dralvarez.com.mx\/larevista\/wp-json\/wp\/v2\/types\/post"}],"author":[{"embeddable":true,"href":"https:\/\/dralvarez.com.mx\/larevista\/wp-json\/wp\/v2\/users\/1018"}],"replies":[{"embeddable":true,"href":"https:\/\/dralvarez.com.mx\/larevista\/wp-json\/wp\/v2\/comments?post=58107"}],"version-history":[{"count":0,"href":"https:\/\/dralvarez.com.mx\/larevista\/wp-json\/wp\/v2\/posts\/58107\/revisions"}],"wp:attachment":[{"href":"https:\/\/dralvarez.com.mx\/larevista\/wp-json\/wp\/v2\/media?parent=58107"}],"wp:term":[{"taxonomy":"category","embeddable":true,"href":"https:\/\/dralvarez.com.mx\/larevista\/wp-json\/wp\/v2\/categories?post=58107"},{"taxonomy":"post_tag","embeddable":true,"href":"https:\/\/dralvarez.com.mx\/larevista\/wp-json\/wp\/v2\/tags?post=58107"}],"curies":[{"name":"wp","href":"https:\/\/api.w.org\/{rel}","templated":true}]}}