{"id":58093,"date":"2017-09-22T00:00:00","date_gmt":"2017-09-22T06:00:00","guid":{"rendered":"https:\/\/dralvarez.com.mx\/larevista\/blog\/trabajadores-de-la-japay-y-usuarios-17676"},"modified":"2017-09-22T00:00:00","modified_gmt":"2017-09-22T06:00:00","slug":"trabajadores-de-la-japay-y-usuarios-17676","status":"publish","type":"post","link":"https:\/\/dralvarez.com.mx\/larevista\/yucatan\/trabajadores-de-la-japay-y-usuarios-17676","title":{"rendered":"Trabajadores de la Japay y usuarios"},"content":{"rendered":"<p><\/p>\n<p>Especial \/ La Revista <\/p>\n<p>Con el funcionamiento de sus oficinas centrales como centro de acopio, la Junta de Agua Potable y Alcantarillado de Yucat\u00e1n (Japay), por iniciativa de su director, Manuel Carrillo Esquivel, se solidariz\u00f3 con los afectados por el sismo de Oaxaca y Chiapas.<\/p>\n<p>Para lograr este objetivo, la dependencia invit\u00f3 a todo su personal, as\u00ed como a los usuarios, a apoyar esta noble causa. Carrillo Esquivel coment\u00f3 que los yucatecos siempre han sido solidarios con la gente que m\u00e1s lo necesita y que, junto con los empleados de la Junta, lograron recabar un gran n\u00famero de art\u00edculos.<\/p>\n<p>El centro de acopio funcion\u00f3 de mi\u00e9rcoles a viernes de la semana pasada, d\u00edas en los que el flujo de apoyo fue permanente, muestra del compromiso social de esta oficina gubernamental. As\u00ed, se logr\u00f3 recaudar v\u00edveres como agua, frijol, arroz, leche en polvo, sal, az\u00facar, aceite, lentejas, harina, cereal, productos enlatados, caf\u00e9, sopa en pasta, galletas, papel higi\u00e9nico, shampoo, jab\u00f3n, cepillos y pasta dental, entre otros.<\/p>\n<p>El viernes, \u00faltima jornada de la colecta, Carrillo Esquivel reuni\u00f3 a los trabajadores para reconocerles y agradecerles su participaci\u00f3n, as\u00ed como para explicarles que todo lo reunido se entregar\u00eda ese mismo d\u00eda al centro de acopio del Sistema para el Desarrollo Integral de la Familia (DIF) estatal, desde donde partir\u00eda el s\u00e1bado hacia quienes m\u00e1s lo necesitan.<\/p>\n<p>&#8220;Gracias por acudir a este llamado r\u00e1pido y urgente, por demostrar su inter\u00e9s, y por ese sentido de solidaridad y hermandad con los estados afectados; eso es una muestra m\u00e1s del patriotismo que nos enorgullece, en especial en estas fechas&#8221;, apunt\u00f3.<\/p>\n<p>Agradeci\u00f3 tambi\u00e9n a los usuarios, quienes al acudir a pagar o realizar tr\u00e1mites de agua potable, ve\u00edan el centro de acopio e iban a comprar algo para sumarse a esta acci\u00f3n altruista. Mencion\u00f3 que, si bien \u00e9ste se ubic\u00f3 en las oficinas centrales, en la recolecta participaron todos los empleados de la Japay ubicados en diferentes departamentos y plantas.<\/p>\n<p>Cabe se\u00f1alar que fueron ellos mismos, encabezados por su director General, quienes llevaron lo recaudado a las instalaciones del DIF Yucat\u00e1n en la colonia Alem\u00e1n, donde los recibi\u00f3 el director General de ese organismo, Limber Sosa Lara, quien agradeci\u00f3 a la Japay por la numerosa aportaci\u00f3n.<\/p>\n","protected":false},"excerpt":{"rendered":"<p>se solidarizan con los afectados por el sismo<\/p>\n","protected":false},"author":1018,"featured_media":0,"comment_status":"open","ping_status":"open","sticky":false,"template":"","format":"standard","meta":{"tdm_status":"","tdm_grid_status":"","footnotes":""},"categories":[21],"tags":[],"_links":{"self":[{"href":"https:\/\/dralvarez.com.mx\/larevista\/wp-json\/wp\/v2\/posts\/58093"}],"collection":[{"href":"https:\/\/dralvarez.com.mx\/larevista\/wp-json\/wp\/v2\/posts"}],"about":[{"href":"https:\/\/dralvarez.com.mx\/larevista\/wp-json\/wp\/v2\/types\/post"}],"author":[{"embeddable":true,"href":"https:\/\/dralvarez.com.mx\/larevista\/wp-json\/wp\/v2\/users\/1018"}],"replies":[{"embeddable":true,"href":"https:\/\/dralvarez.com.mx\/larevista\/wp-json\/wp\/v2\/comments?post=58093"}],"version-history":[{"count":0,"href":"https:\/\/dralvarez.com.mx\/larevista\/wp-json\/wp\/v2\/posts\/58093\/revisions"}],"wp:attachment":[{"href":"https:\/\/dralvarez.com.mx\/larevista\/wp-json\/wp\/v2\/media?parent=58093"}],"wp:term":[{"taxonomy":"category","embeddable":true,"href":"https:\/\/dralvarez.com.mx\/larevista\/wp-json\/wp\/v2\/categories?post=58093"},{"taxonomy":"post_tag","embeddable":true,"href":"https:\/\/dralvarez.com.mx\/larevista\/wp-json\/wp\/v2\/tags?post=58093"}],"curies":[{"name":"wp","href":"https:\/\/api.w.org\/{rel}","templated":true}]}}