{"id":58065,"date":"2017-09-22T00:00:00","date_gmt":"2017-09-22T06:00:00","guid":{"rendered":"https:\/\/dralvarez.com.mx\/larevista\/blog\/pri-de-yucatan-reactiva-centro-de-acopio-17648"},"modified":"2017-09-22T00:00:00","modified_gmt":"2017-09-22T06:00:00","slug":"pri-de-yucatan-reactiva-centro-de-acopio-17648","status":"publish","type":"post","link":"https:\/\/dralvarez.com.mx\/larevista\/yucatan\/pri-de-yucatan-reactiva-centro-de-acopio-17648","title":{"rendered":"PRI de Yucat\u00e1n reactiva centro de acopio"},"content":{"rendered":"<\/p>\n<p>El Comit\u00e9 Directivo Estatal del PRI lamenta los hechos ocurridos en la Ciudad de M\u00e9xico, Morelos y Puebla, estados que fueron afectados por el sismo.<\/p>\n<p>Asimismo, se solidariza con los damnificados y expresa sus condolencias a quienes perdieron un ser querido durante el embate de este fen\u00f3meno.<\/p>\n<p>De nueva cuenta, activa su Centro de Acopio en la Casa del Pueblo, ubicado en la calle 65 #434 por 48 y 50 en el centro de la ciudad para recolectar v\u00edveres, medicamentos, ropa, productos para beb\u00e9s y alimentos no perecederos.<\/p>\n<p>El horario para la recepci\u00f3n de los donativos ser\u00e1 de lunes a viernes de 8:00 a 20:00 horas, s\u00e1bados de 9:00 a 17:00 horas y domingos de 10:00 a 14:00 horas en el Sal\u00f3n de los Espejos de dicho recinto.<\/p>\n<p>El presidente del CDE del PRI, Carlos Sobrino Arg\u00e1ez record\u00f3 que durante el sismo del pasado 7 de septiembre, la ciudadan\u00eda y los simpatizantes del tricolor mostraron su solidaridad haciendo posible la recaudaci\u00f3n de m\u00e1s de 3 toneladas, las cuales fueron entregadas al Sistema para el Desarrollo Integral de la Familia (DIF) estatal con destino a Oaxaca, Chiapas y Tabasco.<\/p>\n<p>Ayudemos a nuestros hermanos en estos momentos dif\u00edciles y demostremos que juntos, M\u00e9xico saldr\u00e1 adelante.<\/p><\/p>\n","protected":false},"excerpt":{"rendered":"<p>El Comit\u00e9 Directivo Estatal del PRI lamenta los hechos ocurridos en la Ciudad de M\u00e9xico, Morelos y Puebla, estados que fueron afectados por el sismo.<\/p>\n","protected":false},"author":1018,"featured_media":0,"comment_status":"open","ping_status":"open","sticky":false,"template":"","format":"standard","meta":{"tdm_status":"","tdm_grid_status":"","footnotes":""},"categories":[21],"tags":[],"_links":{"self":[{"href":"https:\/\/dralvarez.com.mx\/larevista\/wp-json\/wp\/v2\/posts\/58065"}],"collection":[{"href":"https:\/\/dralvarez.com.mx\/larevista\/wp-json\/wp\/v2\/posts"}],"about":[{"href":"https:\/\/dralvarez.com.mx\/larevista\/wp-json\/wp\/v2\/types\/post"}],"author":[{"embeddable":true,"href":"https:\/\/dralvarez.com.mx\/larevista\/wp-json\/wp\/v2\/users\/1018"}],"replies":[{"embeddable":true,"href":"https:\/\/dralvarez.com.mx\/larevista\/wp-json\/wp\/v2\/comments?post=58065"}],"version-history":[{"count":0,"href":"https:\/\/dralvarez.com.mx\/larevista\/wp-json\/wp\/v2\/posts\/58065\/revisions"}],"wp:attachment":[{"href":"https:\/\/dralvarez.com.mx\/larevista\/wp-json\/wp\/v2\/media?parent=58065"}],"wp:term":[{"taxonomy":"category","embeddable":true,"href":"https:\/\/dralvarez.com.mx\/larevista\/wp-json\/wp\/v2\/categories?post=58065"},{"taxonomy":"post_tag","embeddable":true,"href":"https:\/\/dralvarez.com.mx\/larevista\/wp-json\/wp\/v2\/tags?post=58065"}],"curies":[{"name":"wp","href":"https:\/\/api.w.org\/{rel}","templated":true}]}}