{"id":58064,"date":"2017-09-22T00:00:00","date_gmt":"2017-09-22T06:00:00","guid":{"rendered":"https:\/\/dralvarez.com.mx\/larevista\/blog\/miles-de-turistas-disfrutan-bajada-de-kukulcan-en-chichen-itza-17647"},"modified":"2017-09-22T00:00:00","modified_gmt":"2017-09-22T06:00:00","slug":"miles-de-turistas-disfrutan-bajada-de-kukulcan-en-chichen-itza-17647","status":"publish","type":"post","link":"https:\/\/dralvarez.com.mx\/larevista\/yucatan\/miles-de-turistas-disfrutan-bajada-de-kukulcan-en-chichen-itza-17647","title":{"rendered":"Miles de turistas disfrutan bajada de Kukulc\u00e1n en Chich\u00e9n Itz\u00e1"},"content":{"rendered":"<p>Kukulc\u00e1n lleg\u00f3 a su cita para descender por la escalinata norte de El Castillo, ante la mirada de miles de visitantes que acudieron a la zona arqueol\u00f3gica de Chich\u00e9n Itz\u00e1 para presenciar el equinoccio de oto\u00f1o.<\/p>\n<p><\/p>\n<p>Aunque por varios minutos las nubes impidieron observar paso a paso la formaci\u00f3n de la serpiente emplumada, los asistentes esperaron pacientemente aquel momento especial. Luego, entre aplausos aclamaban la presencia de Kin, como se le llama al dios sol en maya, quien a las 17:05 horas dej\u00f3 ver sus rayos en todo su esplendor.<\/p>\n<p><\/p>\n<\/p>\n<p>Este fen\u00f3meno arqueoastron\u00f3mico se contempl\u00f3 durante aproximadamente 10 minutos. Ante los pies de la estructura central de la zona, los paseantes levantaban las manos, realizaban rituales y entonaban c\u00e1nticos para cargarse de energ\u00eda y recibir la llegada del oto\u00f1o.<\/p>\n<p>Turistas nacionales y extranjeros de pa\u00edses como Espa\u00f1a, Italia, Jap\u00f3n, Estados Unidos, Argentina y Colombia fueron testigos de este acontecimiento, que se desarrolla dos veces al a\u00f1o en el referido sitio y en diversos centros arqueol\u00f3gicos mayas.<\/p>\n<p>Para algunos fue la primera vez que presenciaron este hecho de luz y sombra, que los dej\u00f3 maravillados por su misticismo y majestuosidad. Muchos aprovecharon para tomarse fotos y llevarse un recuerdo de este \u00e9l.<\/p>\n<p>Es un espect\u00e1culo hermoso, algo \u00fanico, una maravilla que deben darse la oportunidad de conocer, es algo incre\u00edble que nos regalan los mayas y que debemos de valorar, expres\u00f3 M\u00f3nica Guti\u00e9rrez Ortiz, originaria de Sonora.<\/p>\n<p>De acuerdo con datos del Patronato de las Unidades de Servicios Culturales y Tur\u00edsticos (Cultur), durante este jueves 21 de septiembre ingresaron siete mil 99 visitantes a esta zona arqueol\u00f3gica, cifra superior a los cinco mil 894 registrados el a\u00f1o anterior.<\/p>\n<p>Para resguardar su seguridad e integridad, se cont\u00f3 con el apoyo del Instituto Nacional de Antropolog\u00eda e Historia (INAH) y de elementos de la Secretar\u00eda de Seguridad P\u00fablica (SSP).<\/p><\/p>\n","protected":false},"excerpt":{"rendered":"<p>Kukulc\u00e1n lleg\u00f3 a su cita para descender por la escalinata norte de El Castillo, ante la mirada de miles de visitantes que acudieron a la zona arqueol\u00f3<\/p>\n","protected":false},"author":1018,"featured_media":0,"comment_status":"open","ping_status":"open","sticky":false,"template":"","format":"standard","meta":{"tdm_status":"","tdm_grid_status":"","footnotes":""},"categories":[21],"tags":[],"_links":{"self":[{"href":"https:\/\/dralvarez.com.mx\/larevista\/wp-json\/wp\/v2\/posts\/58064"}],"collection":[{"href":"https:\/\/dralvarez.com.mx\/larevista\/wp-json\/wp\/v2\/posts"}],"about":[{"href":"https:\/\/dralvarez.com.mx\/larevista\/wp-json\/wp\/v2\/types\/post"}],"author":[{"embeddable":true,"href":"https:\/\/dralvarez.com.mx\/larevista\/wp-json\/wp\/v2\/users\/1018"}],"replies":[{"embeddable":true,"href":"https:\/\/dralvarez.com.mx\/larevista\/wp-json\/wp\/v2\/comments?post=58064"}],"version-history":[{"count":0,"href":"https:\/\/dralvarez.com.mx\/larevista\/wp-json\/wp\/v2\/posts\/58064\/revisions"}],"wp:attachment":[{"href":"https:\/\/dralvarez.com.mx\/larevista\/wp-json\/wp\/v2\/media?parent=58064"}],"wp:term":[{"taxonomy":"category","embeddable":true,"href":"https:\/\/dralvarez.com.mx\/larevista\/wp-json\/wp\/v2\/categories?post=58064"},{"taxonomy":"post_tag","embeddable":true,"href":"https:\/\/dralvarez.com.mx\/larevista\/wp-json\/wp\/v2\/tags?post=58064"}],"curies":[{"name":"wp","href":"https:\/\/api.w.org\/{rel}","templated":true}]}}