{"id":58055,"date":"2017-09-22T00:00:00","date_gmt":"2017-09-22T06:00:00","guid":{"rendered":"https:\/\/dralvarez.com.mx\/larevista\/blog\/escritores-y-alumnos-se-reunen-en-torno-a-juan-garcia-ponce-17638"},"modified":"2017-09-22T00:00:00","modified_gmt":"2017-09-22T06:00:00","slug":"escritores-y-alumnos-se-reunen-en-torno-a-juan-garcia-ponce-17638","status":"publish","type":"post","link":"https:\/\/dralvarez.com.mx\/larevista\/yucatan\/escritores-y-alumnos-se-reunen-en-torno-a-juan-garcia-ponce-17638","title":{"rendered":"Escritores y alumnos se re\u00fanen en torno a Juan Garc\u00eda Ponce"},"content":{"rendered":"<p>M\u00e9rida, Yucat\u00e1n, 21 de septiembre de 2017.- La comunidad literaria y alumnos de las principales instituciones educativas de la entidad participan desde este d\u00eda en el Primer Coloquio Cevidi 2017 &#8220;Homenaje a Juan Garc\u00eda Ponce. 85 a\u00f1os&#8221;, foro que durante dos d\u00edas los acercar\u00e1 al legado de uno de los escritores m\u00e1s destacados del siglo XX.<\/p>\n<p>En representaci\u00f3n del Gobernador del Estado, Rolando Zapata Bello, el titular de la Secretar\u00eda de la Cultura y las Artes (Sedeculta), Roger Metri Duarte, encabez\u00f3 la inauguraci\u00f3n del evento, que tiene como sede el Museo &#8220;Fernando Garc\u00eda Ponce&#8221; (Macay). En su mensaje asegur\u00f3 que este encuentro ser\u00e1 ben\u00e9fico para los asistentes, por el gran valor de la obra de dicho autor.<\/p>\n<p>Acompa\u00f1ado de Fernando Garc\u00eda Ponce, Elba Garc\u00eda Villareal y Carlos Garc\u00eda Ponce, presidente, coordinador ejecutivo y directora de la Fundaci\u00f3n Cultural Macay A.C., respectivamente, el funcionario agradeci\u00f3 a la familia por tan notable actividad, que sin duda resaltar\u00e1 la aportaci\u00f3n del homenajeado.<\/p>\n<p>Al dar las palabras de bienvenida, Garc\u00eda Villarreal dijo que el Coloquio es motivo de celebraci\u00f3n al igual que la apertura del Centro Virtual de Documentaci\u00f3n e Informaci\u00f3n (Cevidi), encargado de indagar y difundir el movimiento de La Ruptura que se dio en el arte y en el que el tributado fue clave para el surgimiento del mismo.<\/p>\n<p>Explic\u00f3 que dicho espacio cuenta con el apoyo de las Bibliotecas Yucatanense y P\u00fablica Central Estatal &#8220;Manuel Cepeda Peraza, entre otros organismos, y que su objetivo es la preservaci\u00f3n, conservaci\u00f3n y clasificaci\u00f3n de los documentos. Adem\u00e1s, incluir\u00e1 un cat\u00e1logo con audios y videos descargables. La direcci\u00f3n del sitio es <a target=\"_blank\" rel=\"nofollow noopener\" href=\"http:\/\/www.investigacionlaruptura.org\/\">http:\/\/www.investigacionlaruptura.org<\/a>.<\/p>\n<p>Del Coloquio, agreg\u00f3 que busca forjar ideas, reflexiones y que las escuelas se acerquen a las contribuciones del artista, quien este 22 de septiembre cumplir\u00eda 85 a\u00f1os.<\/p>\n<p>En tanto, el secretario de Rector\u00eda de la Universidad Aut\u00f3noma de Yucat\u00e1n (UADY), Carlos Echazarreta Gonz\u00e1lez, resalt\u00f3 el compromiso de salvaguardar la obra del creador para compartir con las nuevas generaciones.<\/p>\n<p>En su oportunidad, el director General del Instituto de Historia y Museos de Yucat\u00e1n (IMHY), Jorge Esma Baz\u00e1n, se\u00f1al\u00f3 que Juan Garc\u00eda Ponce fue un personaje con conocimientos filos\u00f3ficos profundos y est\u00e9ticos, sobre todo; con mucho pensamiento y con talento inalcanzable, un ejemplo de voluntad.<\/p>\n<p>Durante la primera jornada, el director y presidente de Artes M\u00e9xico, Alberto Ruy S\u00e1nchez, imparti\u00f3 la conferencia denominada &#8220;Evocaci\u00f3n de Juan Garc\u00eda Ponce&#8221;.<\/p>\n<p>Este d\u00eda tambi\u00e9n interviene Enrique Mart\u00edn Brice\u00f1o con &#8220;El futuro de La Ruptura y su legado documental&#8221;. Tambi\u00e9n, se presentar\u00e1 el Cevidi y el &#8220;Foro del Movimiento de La Ruptura&#8221;, con Gabriel Ram\u00edrez Aznar, Jorge Cort\u00e9s Ancona, Addy Cauich Pasos y \u00c1ngel Guti\u00e9rrez Romero.<\/p>\n<p>La programaci\u00f3n completa puede consultarse en la p\u00e1gina <a target=\"_blank\" rel=\"nofollow noopener\" href=\"http:\/\/www.macay.org\/\">http:\/\/www.macay.org<\/a>.<\/p>\n<p><\/p>\n","protected":false},"excerpt":{"rendered":"<p>Se busca difundir la obra del autor.<\/p>\n","protected":false},"author":1018,"featured_media":0,"comment_status":"open","ping_status":"open","sticky":false,"template":"","format":"standard","meta":{"tdm_status":"","tdm_grid_status":"","footnotes":""},"categories":[21],"tags":[],"_links":{"self":[{"href":"https:\/\/dralvarez.com.mx\/larevista\/wp-json\/wp\/v2\/posts\/58055"}],"collection":[{"href":"https:\/\/dralvarez.com.mx\/larevista\/wp-json\/wp\/v2\/posts"}],"about":[{"href":"https:\/\/dralvarez.com.mx\/larevista\/wp-json\/wp\/v2\/types\/post"}],"author":[{"embeddable":true,"href":"https:\/\/dralvarez.com.mx\/larevista\/wp-json\/wp\/v2\/users\/1018"}],"replies":[{"embeddable":true,"href":"https:\/\/dralvarez.com.mx\/larevista\/wp-json\/wp\/v2\/comments?post=58055"}],"version-history":[{"count":0,"href":"https:\/\/dralvarez.com.mx\/larevista\/wp-json\/wp\/v2\/posts\/58055\/revisions"}],"wp:attachment":[{"href":"https:\/\/dralvarez.com.mx\/larevista\/wp-json\/wp\/v2\/media?parent=58055"}],"wp:term":[{"taxonomy":"category","embeddable":true,"href":"https:\/\/dralvarez.com.mx\/larevista\/wp-json\/wp\/v2\/categories?post=58055"},{"taxonomy":"post_tag","embeddable":true,"href":"https:\/\/dralvarez.com.mx\/larevista\/wp-json\/wp\/v2\/tags?post=58055"}],"curies":[{"name":"wp","href":"https:\/\/api.w.org\/{rel}","templated":true}]}}