{"id":58051,"date":"2017-09-22T00:00:00","date_gmt":"2017-09-22T06:00:00","guid":{"rendered":"https:\/\/dralvarez.com.mx\/larevista\/blog\/liborio-vidal-gestiona-soluciones-para-problemas-de-el-cuyo-17634"},"modified":"2017-09-22T00:00:00","modified_gmt":"2017-09-22T06:00:00","slug":"liborio-vidal-gestiona-soluciones-para-problemas-de-el-cuyo-17634","status":"publish","type":"post","link":"https:\/\/dralvarez.com.mx\/larevista\/yucatan\/liborio-vidal-gestiona-soluciones-para-problemas-de-el-cuyo-17634","title":{"rendered":"Liborio Vidal gestiona soluciones para problemas de El Cuyo"},"content":{"rendered":"<\/p>\n<p><b>M\u00e9rida, Yucat\u00e1n, a 21 de septiembre de 2017.<\/b> El Cuyo es una comunidad con insuficiencias en la provisi\u00f3n del servicio de energ\u00eda el\u00e9ctrica, situaci\u00f3n que gener\u00f3 que Liborio Vidal Aguilar y el alcalde de Tizim\u00edn Jorge Vales Traconis invitaran al gerente divisional de Distribuci\u00f3n Peninsular de la Comisi\u00f3n Federal de Electricidad, Humberto Salda\u00f1a Rodr\u00edguez, para que escuchara a los habitantes, evaluara la gravedad del caso y propusiera soluciones.<\/p>\n<p>\u201cEs nuestra responsabilidad escucharles, pero no s\u00f3lo eso sino buscar una soluci\u00f3n, realizando un trabajo conjunto, todos nosotros estamos del lado de ustedes, sus demandas son justas y por eso estamos aqu\u00ed, de frente, para darles una respuesta\u201d, dijo Liborio Vidal.<\/p>\n<p>La reuni\u00f3n fue un di\u00e1logo en el que los habitantes de El Cuyo hablaron abiertamente de la situaci\u00f3n que viven, c\u00f3mo les afecta en su vida diaria y en su econom\u00eda el hecho de que haya apagones varias veces al d\u00eda.<\/p>\n<p>El #AmigoLibo, el alcalde de Tizim\u00edn y el representante de la CFE estuvieron de acuerdo con que los problemas en las instalaciones el\u00e9ctricas afectan la calidad de vida y resultan en perjuicio de la vocaci\u00f3n tur\u00edstica de la comunidad, por lo que acordaron que habr\u00eda un trabajo coordinado constante que culminar\u00e1 a finales de a\u00f1o y principios de 2018.<\/p>\n<p>En los pr\u00f3ximos meses, los servidores p\u00fablicos regresar\u00e1n para verificar el avance de las acciones que incluyen cambio de l\u00edneas y crucetas, modernizaci\u00f3n de la instalaci\u00f3n, asesor\u00eda personalizada a los habitantes para tener un consumo de energ\u00eda eficiente y, sobre todo, saber de voz de la gente si est\u00e1n satisfechos con el servicio.<\/p>\n<p>\u201cMe siento muy complacido con el resultado de esta reuni\u00f3n porque es as\u00ed como se resuelven las cosas, hablando y escuchando, compartiendo ideas y enfoc\u00e1ndonos todos en el objetivo com\u00fan que es tener un mejor servicio\u201d, manifest\u00f3 Vidal Aguilar.<\/p>\n<p>Posteriormente, los funcionarios visitaron algunos hogares donde les mostraron los recibos de la CFE y el gerente divisional analiz\u00f3 las condiciones de los art\u00edculos electrodom\u00e9sticos y sugiri\u00f3 algunos cambios para un consumo responsable.<\/p><\/p>\n","protected":false},"excerpt":{"rendered":"<p>Representante de la CFE escucha a los pobladores y ofrece soluciones.<\/p>\n","protected":false},"author":1018,"featured_media":0,"comment_status":"open","ping_status":"open","sticky":false,"template":"","format":"standard","meta":{"tdm_status":"","tdm_grid_status":"","footnotes":""},"categories":[21],"tags":[],"_links":{"self":[{"href":"https:\/\/dralvarez.com.mx\/larevista\/wp-json\/wp\/v2\/posts\/58051"}],"collection":[{"href":"https:\/\/dralvarez.com.mx\/larevista\/wp-json\/wp\/v2\/posts"}],"about":[{"href":"https:\/\/dralvarez.com.mx\/larevista\/wp-json\/wp\/v2\/types\/post"}],"author":[{"embeddable":true,"href":"https:\/\/dralvarez.com.mx\/larevista\/wp-json\/wp\/v2\/users\/1018"}],"replies":[{"embeddable":true,"href":"https:\/\/dralvarez.com.mx\/larevista\/wp-json\/wp\/v2\/comments?post=58051"}],"version-history":[{"count":0,"href":"https:\/\/dralvarez.com.mx\/larevista\/wp-json\/wp\/v2\/posts\/58051\/revisions"}],"wp:attachment":[{"href":"https:\/\/dralvarez.com.mx\/larevista\/wp-json\/wp\/v2\/media?parent=58051"}],"wp:term":[{"taxonomy":"category","embeddable":true,"href":"https:\/\/dralvarez.com.mx\/larevista\/wp-json\/wp\/v2\/categories?post=58051"},{"taxonomy":"post_tag","embeddable":true,"href":"https:\/\/dralvarez.com.mx\/larevista\/wp-json\/wp\/v2\/tags?post=58051"}],"curies":[{"name":"wp","href":"https:\/\/api.w.org\/{rel}","templated":true}]}}