{"id":58046,"date":"2017-09-22T00:00:00","date_gmt":"2017-09-22T06:00:00","guid":{"rendered":"https:\/\/dralvarez.com.mx\/larevista\/blog\/brigada-mixta-de-yucatan-se-traslada-a-morelos-para-brindar-auxilio-17629"},"modified":"2017-09-22T00:00:00","modified_gmt":"2017-09-22T06:00:00","slug":"brigada-mixta-de-yucatan-se-traslada-a-morelos-para-brindar-auxilio-17629","status":"publish","type":"post","link":"https:\/\/dralvarez.com.mx\/larevista\/yucatan\/brigada-mixta-de-yucatan-se-traslada-a-morelos-para-brindar-auxilio-17629","title":{"rendered":"Brigada mixta de Yucat\u00e1n se traslada a Morelos para brindar auxilio"},"content":{"rendered":"<\/p>\n<p>Cuernavaca, Morelos, 21 de septiembre de 2017.- La brigada mixta que Yucat\u00e1n envi\u00f3 a la zona afectada por el m\u00e1s reciente sismo ocurrido en el pa\u00eds, se moviliz\u00f3 este d\u00eda al estado de Morelos, ante la urgencia que existe de auxiliar a la poblaci\u00f3n debido a los graves da\u00f1os que caus\u00f3 el movimiento tel\u00farico en ese territorio.<\/p>\n<p>Despu\u00e9s de participar en las labores de apoyo en la Ciudad de M\u00e9xico, el equipo especializado, incluido el agente canino K\u00e1iser, fue enviado por la Coordinaci\u00f3n Nacional de Protecci\u00f3n Civil a esa entidad para sumarse a las tareas de ayuda, por lo que de inmediato se traslad\u00f3 v\u00eda terrestre hasta Cuernavaca para ponerse en contacto con las autoridades estatales.<\/p>\n<p>El director de la Unidad Estatal de Protecci\u00f3n Civil (Procivy) y quien encabeza el grupo, Aar\u00f3n Palomo Eu\u00e1n, inform\u00f3 que tras su llegada a la capital morelense sostuvo una reuni\u00f3n de trabajo con su hom\u00f3logo en esa sede, Francisco Berm\u00fadez Alarc\u00f3n y con el secretario de Gobierno, Mat\u00edas Quiroz Medina, en el Centro de Coordinaci\u00f3n, Comando, Control, Comunicaciones y C\u00f3mputo (C-5).<\/p>\n<p>Las autoridades locales nos pidieron que nos hici\u00e9ramos cargo de las labores en la zona oriente del territorio, mejor conocida como Altos de Morelos, conformada por los municipios de Tetela del Volc\u00e1n, Ocuituco, Tlayacapan y Yecapixtla, precis\u00f3.<\/p>\n<p>De acuerdo a los primeros reportes que tiene el funcionario, en esa \u00e1rea hubo graves afectaciones por el sismo y mucho desplome de casas, por lo que la instrucci\u00f3n es rescatar lo m\u00e1s que se pueda y contribuir a las tareas de limpieza de manera conjunta con la Cruz Roja y con el personal estatal y municipal que se encuentra en el lugar.<\/p>\n<p>Nuestro agente canino ser\u00e1 de mucha ayuda en estos momentos y de ser necesario dividiremos a los elementos para poder atender la zona que nos fue asignada, declar\u00f3 v\u00eda telef\u00f3nica el director de Procivy mientras con su grupo se dirig\u00eda por carretera al \u00e1rea de emergencia, ubicada en la parte alta de Cuautla.<\/p>\n<p>Palomo Eu\u00e1n expuso que una vez que llegue, el equipo establecer\u00e1 su base de operaciones y se pondr\u00e1 a trabajar de inmediato, \u201cpues el personal est\u00e1 con toda la actitud, disponible y con ganas de seguir apoyando, pues la instrucci\u00f3n del Gobernador Rolando Zapata Bello es permanecer el tiempo que sea necesario\u201d.<\/p>\n<p>A la sociedad yucateca, el funcionario estatal le pidi\u00f3 seguir con sus aportaciones, principalmente de v\u00edveres y art\u00edculos de higiene, que puede hacer llegar a los centros de acopio abiertos ayer en el Centro de Convenciones Yucat\u00e1n Siglo XXI y Polif\u00f3rum \u201cZamn\u00e1\u201d de esta ciudad, que en tan s\u00f3lo un d\u00eda lograron reunir m\u00e1s de ocho toneladas.<\/p>\n<p>Por el momento, ya no se requiere m\u00e1s agua y lo que se necesita son alimentos no perecederos, productos de limpieza individual, colchas, cobijas, toallas, s\u00e1banas y comida para beb\u00e9. Lo importante es que sigamos donando y hacerlo a la brevedad posible para apoyar a nuestros hermanos de Puebla, Morelos, Chiapas y Oaxaca, puntualiz\u00f3.<\/p><\/p>\n","protected":false},"excerpt":{"rendered":"<p>Despu\u00e9s de apoyar en la Ciudad de M\u00e9xico ahora se dirige a la zona alta morelense.<\/p>\n","protected":false},"author":1018,"featured_media":0,"comment_status":"open","ping_status":"open","sticky":false,"template":"","format":"standard","meta":{"tdm_status":"","tdm_grid_status":"","footnotes":""},"categories":[21],"tags":[],"_links":{"self":[{"href":"https:\/\/dralvarez.com.mx\/larevista\/wp-json\/wp\/v2\/posts\/58046"}],"collection":[{"href":"https:\/\/dralvarez.com.mx\/larevista\/wp-json\/wp\/v2\/posts"}],"about":[{"href":"https:\/\/dralvarez.com.mx\/larevista\/wp-json\/wp\/v2\/types\/post"}],"author":[{"embeddable":true,"href":"https:\/\/dralvarez.com.mx\/larevista\/wp-json\/wp\/v2\/users\/1018"}],"replies":[{"embeddable":true,"href":"https:\/\/dralvarez.com.mx\/larevista\/wp-json\/wp\/v2\/comments?post=58046"}],"version-history":[{"count":0,"href":"https:\/\/dralvarez.com.mx\/larevista\/wp-json\/wp\/v2\/posts\/58046\/revisions"}],"wp:attachment":[{"href":"https:\/\/dralvarez.com.mx\/larevista\/wp-json\/wp\/v2\/media?parent=58046"}],"wp:term":[{"taxonomy":"category","embeddable":true,"href":"https:\/\/dralvarez.com.mx\/larevista\/wp-json\/wp\/v2\/categories?post=58046"},{"taxonomy":"post_tag","embeddable":true,"href":"https:\/\/dralvarez.com.mx\/larevista\/wp-json\/wp\/v2\/tags?post=58046"}],"curies":[{"name":"wp","href":"https:\/\/api.w.org\/{rel}","templated":true}]}}