{"id":58042,"date":"2017-09-21T00:00:00","date_gmt":"2017-09-21T06:00:00","guid":{"rendered":"https:\/\/dralvarez.com.mx\/larevista\/blog\/destaca-yucatan-a-nivel-nacional-en-lenguaje-y-matematicas-17625"},"modified":"2017-09-21T00:00:00","modified_gmt":"2017-09-21T06:00:00","slug":"destaca-yucatan-a-nivel-nacional-en-lenguaje-y-matematicas-17625","status":"publish","type":"post","link":"https:\/\/dralvarez.com.mx\/larevista\/yucatan\/destaca-yucatan-a-nivel-nacional-en-lenguaje-y-matematicas-17625","title":{"rendered":"Destaca Yucat\u00e1n a nivel nacional en lenguaje y matem\u00e1ticas"},"content":{"rendered":"<p>M\u00e9rida, Yucat\u00e1n;  21 de septiembre de 2017.- Tras la publicaci\u00f3n de los resultados de la prueba del Plan Nacional para la Evaluaci\u00f3n de los Aprendizajes (Planea), se dio a conocer que Yucat\u00e1n destac\u00f3 en las \u00e1reas de \u201cLenguaje y comunicaci\u00f3n\u201d y \u201cMatem\u00e1ticas\u201d, con una puntuaci\u00f3n por arriba de la media nacional, con m\u00e1s de 500 puntos.<\/p>\n<\/p>\n<p>\u201cLos resultados de la prueba servir\u00e1n al mismo tiempo para la mejora educativa y la implementaci\u00f3n del Nuevo Modelo Educativo, ya que \u00e9ste busca la selecci\u00f3n de aprendizajes clave y, m\u00e1s all\u00e1 de la memorizaci\u00f3n, que sea la comprensi\u00f3n de contenidos la que predomine en el colegiado\u201d, explic\u00f3 el titular de la Secretar\u00eda de Educaci\u00f3n del Gobierno del Estado (Segey), V\u00edctor Caballero Dur\u00e1n.<\/p>\n<p>Los pasados 4 y 5 de abril, el Instituto Nacional para la Evaluaci\u00f3n de la Educaci\u00f3n (INEE) aplic\u00f3 dicha prueba a estudiantes de diversos subsistemas de nivel medio superior. La muestra fue representativa por entidad, tipo de control administrativo y 10 variedades de servicio, adem\u00e1s de que se consider\u00f3 a dos mil 319 planteles y 117 mil 700 alumnos, nueve mil 155 de los cuales fueron yucatecos.<\/p>\n<p>En los resultados, figuraron 10 entidades: Ciudad de M\u00e9xico, Aguascalientes, Jalisco, Quer\u00e9taro, Baja California, Colima, Nuevo Le\u00f3n, Sonora, Puebla y Yucat\u00e1n. Es preciso mencionar que, en 2016, el estado ocup\u00f3 el cuarto lugar de todo el pa\u00eds en \u201cLenguaje y comunicaci\u00f3n\u201d, luego de haber estado en la posici\u00f3n 17; en cuanto a \u201cMatem\u00e1ticas\u201d, pas\u00f3 del sitio 18 al 13.<\/p>\n<p>Se trat\u00f3 de la primera vez que el INEE aplic\u00f3 la evaluaci\u00f3n, pues antes estaba a cargo de la Secretar\u00eda de Educaci\u00f3n P\u00fablica (SEP), y tambi\u00e9n fue novedad que se incluyera al nivel medio superior, lo cual contribuye a la ampliaci\u00f3n de los contenidos curriculares y competencias por medir, a la vez que se hacen m\u00e1s exigentes los niveles de logro educativo.<\/p>\n<p>De igual manera, estos ejercicios funcionan como un term\u00f3metro del Sistema Educativo Nacional, ya que no solo los factores escolares se relacionan con los resultados de aprendizaje, sino que tambi\u00e9n influye el capital econ\u00f3mico de las familias y el grado de escolaridad de los padres.<\/p><\/p>\n","protected":false},"excerpt":{"rendered":"<p>Tras la publicaci\u00f3n de los resultados de la prueba del Plan Nacional para la Evaluaci\u00f3n de los Aprendizajes (Planea), se dio a conocer que Yucat\u00e1n des<\/p>\n","protected":false},"author":1018,"featured_media":0,"comment_status":"open","ping_status":"open","sticky":false,"template":"","format":"standard","meta":{"tdm_status":"","tdm_grid_status":"","footnotes":""},"categories":[21],"tags":[],"_links":{"self":[{"href":"https:\/\/dralvarez.com.mx\/larevista\/wp-json\/wp\/v2\/posts\/58042"}],"collection":[{"href":"https:\/\/dralvarez.com.mx\/larevista\/wp-json\/wp\/v2\/posts"}],"about":[{"href":"https:\/\/dralvarez.com.mx\/larevista\/wp-json\/wp\/v2\/types\/post"}],"author":[{"embeddable":true,"href":"https:\/\/dralvarez.com.mx\/larevista\/wp-json\/wp\/v2\/users\/1018"}],"replies":[{"embeddable":true,"href":"https:\/\/dralvarez.com.mx\/larevista\/wp-json\/wp\/v2\/comments?post=58042"}],"version-history":[{"count":0,"href":"https:\/\/dralvarez.com.mx\/larevista\/wp-json\/wp\/v2\/posts\/58042\/revisions"}],"wp:attachment":[{"href":"https:\/\/dralvarez.com.mx\/larevista\/wp-json\/wp\/v2\/media?parent=58042"}],"wp:term":[{"taxonomy":"category","embeddable":true,"href":"https:\/\/dralvarez.com.mx\/larevista\/wp-json\/wp\/v2\/categories?post=58042"},{"taxonomy":"post_tag","embeddable":true,"href":"https:\/\/dralvarez.com.mx\/larevista\/wp-json\/wp\/v2\/tags?post=58042"}],"curies":[{"name":"wp","href":"https:\/\/api.w.org\/{rel}","templated":true}]}}