{"id":58034,"date":"2017-09-21T00:00:00","date_gmt":"2017-09-21T06:00:00","guid":{"rendered":"https:\/\/dralvarez.com.mx\/larevista\/blog\/mas-opciones-y-herramientas-en-el-congreso-peninsular-de-capital-humano-17616"},"modified":"2017-09-21T00:00:00","modified_gmt":"2017-09-21T06:00:00","slug":"mas-opciones-y-herramientas-en-el-congreso-peninsular-de-capital-humano-17616","status":"publish","type":"post","link":"https:\/\/dralvarez.com.mx\/larevista\/yucatan\/mas-opciones-y-herramientas-en-el-congreso-peninsular-de-capital-humano-17616","title":{"rendered":"M\u00e1s opciones y herramientas, en el Congreso Peninsular de Capital Humano"},"content":{"rendered":"<\/p>\n<p>M\u00e9rida,<br \/>\nYucat\u00e1n, 21 de septiembre de 2017.- La segunda edici\u00f3n del Congreso Peninsular<br \/>\nde Capital Humano tendr\u00e1 lugar los d\u00edas 17 y 18 de octubre en el Centro de<br \/>\nConvenciones Yucat\u00e1n Siglo XXI, anunci\u00f3 el titular de la Secretar\u00eda del Trabajo<br \/>\ny Previsi\u00f3n Social (STPS), Enrique Castillo Ruz.<\/p>\n<p>El<br \/>\nfuncionario se\u00f1al\u00f3 que, dentro de este marco, se llevar\u00e1n a cabo una Feria de<br \/>\nEmpleo, la Semana Estatal de Seguridad y Salud en el Trabajo, y la Exposici\u00f3n<br \/>\nItinerante para la Erradicaci\u00f3n del Trabajo Infantil.<\/p>\n<p>Acompa\u00f1ado<br \/>\ndel delegado de la STPS federal, Ricardo B\u00e9jar Herrera, el secretario dijo que<br \/>\nquienes est\u00e9n interesados en inscribirse a la Feria, pueden hacerlo a trav\u00e9s<br \/>\ndel sitio <a target=\"_blank\" rel=\"nofollow noopener\" href=\"http:\/\/feriasdeempleo.stps.gob.mx\/FE\">ferias.empleo.gob.mx<\/a>&nbsp;o<br \/>\nen la Bolsa de Trabajo del Servicio Nacional de Empleo (SNE), situada en la<br \/>\ncalle 66 n\u00famero 438 entre 49 y 53 del Centro Hist\u00f3rico de esta ciudad.<\/p>\n<p>Asimismo, en<br \/>\ndos Centros de Intermediaci\u00f3n Laboral, ubicados en la calle 60 entre 65 y 67 de<br \/>\nesa misma zona, al interior del edificio de la Junta de Agua Potable y<br \/>\nAlcantarillado de Yucat\u00e1n (Japay), y en la avenida 86 entre 171 y 171-A de la<br \/>\ncolonia Emiliano Zapata Sur III, dentro de la Plaza Santos Sur.<\/p>\n<p>En su<br \/>\nintervenci\u00f3n, el titular de la Asociaci\u00f3n de Ejecutivos en Desarrollo Humano,<br \/>\n(Aedhu), Francisco Sauri Navarrete, abund\u00f3 que el objetivo del Congreso<br \/>\nes atender las necesidades del empresariado regional y de los responsables<br \/>\nen recursos humanos, al acercarles tendencias, mejores pr\u00e1cticas y avances<br \/>\ntecnol\u00f3gicos en la materia.<\/p>\n<p>Por \u00faltimo,<br \/>\nel presidente del foro, Gabriel Cervera Contreras, expres\u00f3 que en esta edici\u00f3n<br \/>\nse contar\u00e1 con cincoconferencias magistrales, dos mesas panel y cuatro talleres<br \/>\nalternos, mientras que el director del Instituto Yucateco de Emprendedores<br \/>\n(IYEM), Francisco Lezama Pacheco, destac\u00f3 que se ofrecer\u00e1 un mercado<br \/>\nemprendedor en estas jornadas, lo cual fortalecer\u00e1 la econom\u00eda de la entidad.<\/p><\/p>\n","protected":false},"excerpt":{"rendered":"<p>Conjugan esfuerzos Gobierno del Estado e iniciativa privada.<\/p>\n","protected":false},"author":1018,"featured_media":0,"comment_status":"open","ping_status":"open","sticky":false,"template":"","format":"standard","meta":{"tdm_status":"","tdm_grid_status":"","footnotes":""},"categories":[21],"tags":[],"_links":{"self":[{"href":"https:\/\/dralvarez.com.mx\/larevista\/wp-json\/wp\/v2\/posts\/58034"}],"collection":[{"href":"https:\/\/dralvarez.com.mx\/larevista\/wp-json\/wp\/v2\/posts"}],"about":[{"href":"https:\/\/dralvarez.com.mx\/larevista\/wp-json\/wp\/v2\/types\/post"}],"author":[{"embeddable":true,"href":"https:\/\/dralvarez.com.mx\/larevista\/wp-json\/wp\/v2\/users\/1018"}],"replies":[{"embeddable":true,"href":"https:\/\/dralvarez.com.mx\/larevista\/wp-json\/wp\/v2\/comments?post=58034"}],"version-history":[{"count":0,"href":"https:\/\/dralvarez.com.mx\/larevista\/wp-json\/wp\/v2\/posts\/58034\/revisions"}],"wp:attachment":[{"href":"https:\/\/dralvarez.com.mx\/larevista\/wp-json\/wp\/v2\/media?parent=58034"}],"wp:term":[{"taxonomy":"category","embeddable":true,"href":"https:\/\/dralvarez.com.mx\/larevista\/wp-json\/wp\/v2\/categories?post=58034"},{"taxonomy":"post_tag","embeddable":true,"href":"https:\/\/dralvarez.com.mx\/larevista\/wp-json\/wp\/v2\/tags?post=58034"}],"curies":[{"name":"wp","href":"https:\/\/api.w.org\/{rel}","templated":true}]}}