{"id":58029,"date":"2017-09-21T00:00:00","date_gmt":"2017-09-21T06:00:00","guid":{"rendered":"https:\/\/dralvarez.com.mx\/larevista\/blog\/voluntarios-del-ayuntamiento-viajan-a-la-ciudad-de-mexico-para-auxiliar-a-victimas-del-sismo-17611"},"modified":"2017-09-21T00:00:00","modified_gmt":"2017-09-21T06:00:00","slug":"voluntarios-del-ayuntamiento-viajan-a-la-ciudad-de-mexico-para-auxiliar-a-victimas-del-sismo-17611","status":"publish","type":"post","link":"https:\/\/dralvarez.com.mx\/larevista\/yucatan\/voluntarios-del-ayuntamiento-viajan-a-la-ciudad-de-mexico-para-auxiliar-a-victimas-del-sismo-17611","title":{"rendered":"Voluntarios del Ayuntamiento viajan a la ciudad de M\u00e9xico para auxiliar a v\u00edctimas del sismo"},"content":{"rendered":"<\/p>\n<div>El alcalde Mauricio Vila Dosal despidi\u00f3 esta ma\u00f1ana a los 10 voluntarios del Ayuntamiento de M\u00e9rida (8 brigadistas de Protecci\u00f3n Civil y 2 param\u00e9dicos de la Polic\u00eda Municipal) que apoyar\u00e1n en la evaluaci\u00f3n de edificios, incluyendo escuelas y viviendas, da\u00f1ados por el sismo que afect\u00f3 la ciudad de M\u00e9xico el martes 19 de septiembre pasado.<\/div>\n<div>&nbsp;<\/div>\n<div>Gregorio Flores Lizarraga, \u201cDon Goyo\u201d, es uno de los voluntarios que parti\u00f3 esta ma\u00f1ana a la ciudad de M\u00e9xico. Empleado de Protecci\u00f3n Civil del Ayuntamiento de M\u00e9rida desde hace 14 a\u00f1os, ha participado en acciones contra incendios y auxilio ante fen\u00f3menos naturales.<\/div>\n<div>Para don Gregorio, auxiliar a los hermanos afectados por el sismo es un privilegio.  Quiero darle las gracias al Ayuntamiento-a\u00f1adi\u00f3- por brindarme este privilegio de poder ayudar a los dem\u00e1s.<\/div>\n<div>-Tener la oportunidad de participar en cualquier actividad humanitaria es un honor. Es una experiencia por la que me siento muy agradecido- detall\u00f3.<\/div>\n<div>&nbsp;<\/div>\n<div>&#8220;Don Goyo&#8221; comparte que su familia est\u00e1 preocupada por su integridad- espec\u00edficamente por las r\u00e9plicas- pero est\u00e1n conscientes de la importancia de la necesidad de su labor.<\/p>\n<p>-Todos los meridanos tenemos que ayudar a los dem\u00e1s, ocurra o no  en nuestra ciudad- recalc\u00f3.<\/p>\n<p>Freddy Sic &nbsp;Castillo, param\u00e9dico de la Polic\u00eda Municipal desde hace 7 a\u00f1os, a\u00f1ade que esta misi\u00f3n es muy importante, un privilegio porque podr\u00e1 asistir &nbsp;a los hermanos mexicanos.<\/p><\/div>\n<div>&nbsp;<\/div>\n<div>-Creo que ser\u00e1 una buena experiencia, lo mucho o poco que s\u00e9 lo voy a dar de todo coraz\u00f3n- dijo.<\/div>\n<div>&nbsp;<\/div>\n<div>Agreg\u00f3 que es la primera ocasi\u00f3n en la que participa en una experiencia de este tipo pero se siente capaz para lograrlo con \u00e9xito.<\/div>\n<div>&nbsp;<\/div>\n<div>-Mi familia est\u00e1 un poco preocupada, sin embargo, se sienten muy orgullosa de m\u00ed porque me ven contento y dispuesto a dar lo mejor de m\u00ed- declar\u00f3.<\/div>\n<div>&nbsp;<\/div>\n<div>El alcalde Mauricio Vila Dosal  explic\u00f3 que los brigadistas ofrecer\u00e1n apoyo humanitario en la delegaci\u00f3n Miguel Hidalgo como t\u00e9cnicos estructuristas y en la coordinaci\u00f3n de albergues, as\u00ed como ayuda m\u00e9dica.<\/div>\n<div>&nbsp;<\/div>\n<div>Asimismo dijo que es necesario el apoyo de todos los yucatecos, \u201ccomo meridanos estamos orgullosos de ustedes\u201d, asegur\u00f3.<\/div>\n<div>&nbsp;<\/div>\n<div>Record\u00f3 que para esta acci\u00f3n &nbsp;se cont\u00f3 con el apoyo de empresas &nbsp;socialmente responsables como Eladio\u2019s y Travelissimo, quienes apoyar\u00e1n con los gastos de boletos de avi\u00f3n.<\/div>\n<div>&nbsp;<\/div>\n<div>-Quiero agradecerles su disponibilidad y solidaridad con nuestros hermanos afectados y recordarles que nos sentimos muy orgullosos de ustedes- detall\u00f3.<\/div>\n<div>&nbsp;<\/div>\n<div>Enrique Alcocer Basto, director de Protecci\u00f3n Civil, quien tambi\u00e9n viajar\u00e1 a la ciudad de M\u00e9xico, agreg\u00f3 que pertenece a la Red de Evaluadores de Da\u00f1os y es la primera vez que se ofrece este tipo de ayuda humanitaria ante siniestros como sismos. Sus gastos en la capital de M\u00e9xico ser\u00e1n solventados por el Ayuntamiento.<\/div>\n<div>De Protecci\u00f3n Civil, los voluntarios son Ricardo Jos\u00e9 Cauich Mill\u00e1n, Miguel Dar\u00edo Soto Herrera, Henry Ismael Dagoberto Su\u00e1rez Cohuo, Cristian Israel Uc Herrera, Sergio Humberto Cab Fern\u00e1ndez, Armando Baqueiro  Gorocica, Civil y &nbsp;el param\u00e9dico V\u00edctor Manuel Soberanis Cauich.<\/div>\n<div>&nbsp;<\/div>\n<div>El Ayuntamiento de M\u00e9rida recuerda que quienes deseen ayudar con alimentos no perecedores, ropa, medicina y cobijas en buen estado a los hermanos damnificados por fen\u00f3menos naturales en la Ciudad de M\u00e9xico, Morelos y Puebla, pueden llevarlos hasta el pr\u00f3ximo domingo 24 &nbsp; a los centros de acopio  instalados por la Comuna.<\/div>\n<div>&nbsp;<\/div>\n<div>Los puntos de recepci\u00f3n son el Palacio Municipal (calle 62 entre 65 y 67); parque de Kalia, (fraccionamiento Monterreal) y Centro Renacer, (<a target=\"_blank\" rel=\"nofollow noopener\" href=\"https:\/\/maps.google.com\/?q=calle+22+No.+273&amp;entry=gmail&amp;source=g\">calle 22 No. 273<\/a>&nbsp;del fraccionamiento Juan Pablo II), en horario de 10 de la ma\u00f1ana a 7 de la noche.<\/div>\n<div>&nbsp;<\/div>\n<div>Tambi\u00e9n la subdirecci\u00f3n de Salud (calle 50 entre 29 y 31 del fraccionamiento Pacabt\u00fan), de 10 de la ma\u00f1ana a 7 de la noche de mi\u00e9rcoles a domingo y en la instalaci\u00f3n de &nbsp;Dinosaurios Animatronics.<\/div>\n<div>&nbsp;<\/div>\n<div>En el evento de despedida a voluntarios tambi\u00e9n estuvieron Maria Fritz Sierra, secretaria municipal; Mario Arturo Romero Escalante, director de la Polic\u00eda Municipal; el diputado local Ra\u00fal Paz; &nbsp;Luis Herrera David, representante del Restaurante Eladio&#8217;s y Guibaldo Vargas Madrazo, director de Gobernaci\u00f3n.<\/div><\/p>\n","protected":false},"excerpt":{"rendered":"<p>El alcalde Mauricio Vila Dosal agradece a brigadistas y param\u00e9dicos de Protecci\u00f3n Civil y Polic\u00eda Municipal.<\/p>\n","protected":false},"author":1018,"featured_media":0,"comment_status":"open","ping_status":"open","sticky":false,"template":"","format":"standard","meta":{"tdm_status":"","tdm_grid_status":"","footnotes":""},"categories":[21],"tags":[],"_links":{"self":[{"href":"https:\/\/dralvarez.com.mx\/larevista\/wp-json\/wp\/v2\/posts\/58029"}],"collection":[{"href":"https:\/\/dralvarez.com.mx\/larevista\/wp-json\/wp\/v2\/posts"}],"about":[{"href":"https:\/\/dralvarez.com.mx\/larevista\/wp-json\/wp\/v2\/types\/post"}],"author":[{"embeddable":true,"href":"https:\/\/dralvarez.com.mx\/larevista\/wp-json\/wp\/v2\/users\/1018"}],"replies":[{"embeddable":true,"href":"https:\/\/dralvarez.com.mx\/larevista\/wp-json\/wp\/v2\/comments?post=58029"}],"version-history":[{"count":0,"href":"https:\/\/dralvarez.com.mx\/larevista\/wp-json\/wp\/v2\/posts\/58029\/revisions"}],"wp:attachment":[{"href":"https:\/\/dralvarez.com.mx\/larevista\/wp-json\/wp\/v2\/media?parent=58029"}],"wp:term":[{"taxonomy":"category","embeddable":true,"href":"https:\/\/dralvarez.com.mx\/larevista\/wp-json\/wp\/v2\/categories?post=58029"},{"taxonomy":"post_tag","embeddable":true,"href":"https:\/\/dralvarez.com.mx\/larevista\/wp-json\/wp\/v2\/tags?post=58029"}],"curies":[{"name":"wp","href":"https:\/\/api.w.org\/{rel}","templated":true}]}}