{"id":58021,"date":"2017-09-21T00:00:00","date_gmt":"2017-09-21T06:00:00","guid":{"rendered":"https:\/\/dralvarez.com.mx\/larevista\/blog\/mas-capacitacion-a-enlaces-municipales-para-la-igualdad-entre-mujeres-y-hombres-17603"},"modified":"2017-09-21T00:00:00","modified_gmt":"2017-09-21T06:00:00","slug":"mas-capacitacion-a-enlaces-municipales-para-la-igualdad-entre-mujeres-y-hombres-17603","status":"publish","type":"post","link":"https:\/\/dralvarez.com.mx\/larevista\/yucatan\/mas-capacitacion-a-enlaces-municipales-para-la-igualdad-entre-mujeres-y-hombres-17603","title":{"rendered":"M\u00e1s capacitaci\u00f3n a Enlaces Municipales para la Igualdad entre Mujeres y Hombres"},"content":{"rendered":"<\/p>\n<p>M\u00e9rida, Yucat\u00e1n, 20 de septiembre de 2017.- En conjunto con otras organizaciones, el Instituto para la Igualdad entre Mujeres y Hombres en Yucat\u00e1n (Ipiemh) realiza acciones para promover la igualdad sustantiva y de g\u00e9nero. <\/p>\n<p>En esta ocasi\u00f3n la dependencia invit\u00f3 a la Asociaci\u00f3n Contacto \u201cLucha por la defensa y salud de las mamas\u201d I.A.P., a realizar una capacitaci\u00f3n dirigida a las Enlaces Municipales para la Igualdad entre Mujeres y Hombres, as\u00ed como a promotoras comunitarias, sobre la correcta autoexploraci\u00f3n para la detecci\u00f3n temprana del c\u00e1ncer de este \u00f3rgano y as\u00ed disminuir estos casos en la entidad. <\/p>\n<p>Durante las palabras de bienvenida, la directora de Vinculaci\u00f3n Institucional del Ipiemh, Cuzam Cruz L\u00f3pez, indic\u00f3 que uno de los objetivos de dicha instrucci\u00f3n es que las participantes cuenten con las herramientas necesarias para proporcionar informaci\u00f3n a las habitantes de sus municipios, a fin de prevenir enfermedades. Asimismo, que conozcan la labor de Contacto I.A.P. en caso de requerir alguna canalizaci\u00f3n para atenci\u00f3n. <\/p>\n<p>El taller vivencial \u201cContacto con mi chuch\u00fa\u201d fue impartido por la conferencista e integrante de la asociaci\u00f3n mencionada, Yrma Sabido Bastarrachea. <\/p>\n<p>En el evento tambi\u00e9n se llev\u00f3 a cabo el curso \u201cCartilla de los derechos humanos de las mujeres\u201d a cargo de la responsable de capacitaci\u00f3n de la Direcci\u00f3n de Planeaci\u00f3n e Investigaci\u00f3n del Ipiemh, Adriana Pacho Avil\u00e9s. <\/p>\n<p>Asisti\u00f3 Rita Bustillos Navarrete, presidenta de Contacto I.A.P. y Leticia Ceballos Morales, quien forma parte del voluntariado del organismo.<\/p>\n<p><\/p>\n","protected":false},"excerpt":{"rendered":"<p>El taller vivencial \u201cContacto con mi chuch\u00fa\u201d fue impartido por la conferencista e integrante de la asociaci\u00f3n mencionada, Yrma Sabido Bastarrachea.<\/p>\n","protected":false},"author":1018,"featured_media":0,"comment_status":"open","ping_status":"open","sticky":false,"template":"","format":"standard","meta":{"tdm_status":"","tdm_grid_status":"","footnotes":""},"categories":[21],"tags":[],"_links":{"self":[{"href":"https:\/\/dralvarez.com.mx\/larevista\/wp-json\/wp\/v2\/posts\/58021"}],"collection":[{"href":"https:\/\/dralvarez.com.mx\/larevista\/wp-json\/wp\/v2\/posts"}],"about":[{"href":"https:\/\/dralvarez.com.mx\/larevista\/wp-json\/wp\/v2\/types\/post"}],"author":[{"embeddable":true,"href":"https:\/\/dralvarez.com.mx\/larevista\/wp-json\/wp\/v2\/users\/1018"}],"replies":[{"embeddable":true,"href":"https:\/\/dralvarez.com.mx\/larevista\/wp-json\/wp\/v2\/comments?post=58021"}],"version-history":[{"count":0,"href":"https:\/\/dralvarez.com.mx\/larevista\/wp-json\/wp\/v2\/posts\/58021\/revisions"}],"wp:attachment":[{"href":"https:\/\/dralvarez.com.mx\/larevista\/wp-json\/wp\/v2\/media?parent=58021"}],"wp:term":[{"taxonomy":"category","embeddable":true,"href":"https:\/\/dralvarez.com.mx\/larevista\/wp-json\/wp\/v2\/categories?post=58021"},{"taxonomy":"post_tag","embeddable":true,"href":"https:\/\/dralvarez.com.mx\/larevista\/wp-json\/wp\/v2\/tags?post=58021"}],"curies":[{"name":"wp","href":"https:\/\/api.w.org\/{rel}","templated":true}]}}