{"id":58019,"date":"2017-09-21T00:00:00","date_gmt":"2017-09-21T06:00:00","guid":{"rendered":"https:\/\/dralvarez.com.mx\/larevista\/blog\/una-comunicacion-abierta-entre-jovenes-y-liborio-vidal-17601"},"modified":"2017-09-21T00:00:00","modified_gmt":"2017-09-21T06:00:00","slug":"una-comunicacion-abierta-entre-jovenes-y-liborio-vidal-17601","status":"publish","type":"post","link":"https:\/\/dralvarez.com.mx\/larevista\/yucatan\/una-comunicacion-abierta-entre-jovenes-y-liborio-vidal-17601","title":{"rendered":"Una comunicaci\u00f3n abierta entre j\u00f3venes y Liborio Vidal"},"content":{"rendered":"<\/p>\n<div>M\u00e9rida, Yucat\u00e1n, a 20 de septiembre de 2017. La juventud ha encontrado en Liborio Vidal Aguilar un pol\u00edtico diferente, que busca comunicarse e involucrarlos en los temas que son de importancia para el Estado, por lo que recibi\u00f3 a un grupo de universitarios en su casa de enlace.<\/p>\n<p>El grupo de j\u00f3venes acudi\u00f3 puntual a la cita con el #AmigoLibo, un empresario y pol\u00edtico que capt\u00f3 su atenci\u00f3n a trav\u00e9s de las redes sociales y a quien han logrado conocer a lo largo del tiempo.<\/p>\n<\/div>\n<div>Los temas de la reuni\u00f3n pasaron de la diversi\u00f3n generada por el Pok\u00e9torneo hasta el impacto que para algunos tuvo la conferencia \u201cImagina y haz\u201d, en la que Vidal Aguilar habla de sus inicios y c\u00f3mo avanzar en momentos de crisis.<\/p>\n<\/div>\n<div>Los temas de Vidal Aguilar han pasado de la frivolidad de una aplicaci\u00f3n telef\u00f3nica hasta la profundidad de ideas que lleva a acciones de voluntariado, para \u00e9l y para los j\u00f3venes, quienes por medio de #DonoMiTiempo se involucraron en labores sociales, trabajo en beneficio de la comunidad.<\/p>\n<\/div>\n<div>\u201cLos j\u00f3venes tienen mucho que aportar. Como todos requieren sus momentos de diversi\u00f3n y entretenimiento, pero tambi\u00e9n es importante que vayan m\u00e1s all\u00e1, que logren despertar en su interior un genuino inter\u00e9s por ser parte de una sociedad que se llama Yucat\u00e1n, que se llama M\u00e9xico y que nos llamamos seres humanos\u201d, dijo Liborio Vidal.<\/p>\n<\/div>\n<div>Destac\u00f3 que el futuro de la pol\u00edtica, como todo en el pa\u00eds, reside en las ideas e ideales de la juventud, que requiere conocer m\u00e1s sobre el servicio p\u00fablico, la responsabilidad de guiar y administrar los recursos con los que se cuenta.<\/p>\n<\/div>\n<div>\u201cTengo experiencia como empresario, s\u00e9 qu\u00e9 es lo que hay qu\u00e9 hacer para crecer y desarrollarnos en el mercado. Pero en el servicio p\u00fablico se requiere mayor empat\u00eda, se requiere una visi\u00f3n m\u00e1s integral y agradezco a la vida por permitirme conocer los dos tipos de responsabilidad\u201d, manifest\u00f3.<\/p>\n<\/div>\n<div>Por su parte, el grupo de muchachos pidi\u00f3 a Vidal Aguilar que contin\u00fae con las actividades que se realizan, no s\u00f3lo en M\u00e9rida, sino en tambi\u00e9n en los municipios, para motivar la participaci\u00f3n y generar el inter\u00e9s de este sector.<\/p>\n<\/div>\n<p><\/p>\n","protected":false},"excerpt":{"rendered":"<p>Los temas de la juventud en la mesa del #AmigoLibo.<\/p>\n","protected":false},"author":1018,"featured_media":0,"comment_status":"open","ping_status":"open","sticky":false,"template":"","format":"standard","meta":{"tdm_status":"","tdm_grid_status":"","footnotes":""},"categories":[21],"tags":[],"_links":{"self":[{"href":"https:\/\/dralvarez.com.mx\/larevista\/wp-json\/wp\/v2\/posts\/58019"}],"collection":[{"href":"https:\/\/dralvarez.com.mx\/larevista\/wp-json\/wp\/v2\/posts"}],"about":[{"href":"https:\/\/dralvarez.com.mx\/larevista\/wp-json\/wp\/v2\/types\/post"}],"author":[{"embeddable":true,"href":"https:\/\/dralvarez.com.mx\/larevista\/wp-json\/wp\/v2\/users\/1018"}],"replies":[{"embeddable":true,"href":"https:\/\/dralvarez.com.mx\/larevista\/wp-json\/wp\/v2\/comments?post=58019"}],"version-history":[{"count":0,"href":"https:\/\/dralvarez.com.mx\/larevista\/wp-json\/wp\/v2\/posts\/58019\/revisions"}],"wp:attachment":[{"href":"https:\/\/dralvarez.com.mx\/larevista\/wp-json\/wp\/v2\/media?parent=58019"}],"wp:term":[{"taxonomy":"category","embeddable":true,"href":"https:\/\/dralvarez.com.mx\/larevista\/wp-json\/wp\/v2\/categories?post=58019"},{"taxonomy":"post_tag","embeddable":true,"href":"https:\/\/dralvarez.com.mx\/larevista\/wp-json\/wp\/v2\/tags?post=58019"}],"curies":[{"name":"wp","href":"https:\/\/api.w.org\/{rel}","templated":true}]}}