{"id":57994,"date":"2017-09-21T00:00:00","date_gmt":"2017-09-21T06:00:00","guid":{"rendered":"https:\/\/dralvarez.com.mx\/larevista\/blog\/comite-ciudadano-vigilara-el-respeto-de-los-derechos-de-las-personas-con-discapacidad-17576"},"modified":"2017-09-21T00:00:00","modified_gmt":"2017-09-21T06:00:00","slug":"comite-ciudadano-vigilara-el-respeto-de-los-derechos-de-las-personas-con-discapacidad-17576","status":"publish","type":"post","link":"https:\/\/dralvarez.com.mx\/larevista\/yucatan\/comite-ciudadano-vigilara-el-respeto-de-los-derechos-de-las-personas-con-discapacidad-17576","title":{"rendered":"Comit\u00e9 ciudadano vigilar\u00e1 el respeto de los derechos de las personas con discapacidad"},"content":{"rendered":"<\/p>\n<p>M\u00e9rida, Yucat\u00e1n, a 20 de septiembre de 2017.- Este d\u00eda, rindi\u00f3 protesta el Comit\u00e9 T\u00e9cnico de Consulta del Mecanismo Independiente de Monitoreo Estatal de la Convenci\u00f3n sobre los Derechos de las Personas con Discapacidad que tendr\u00e1 la labor de vigilar el cumplimiento de los derechos de este grupo en situaci\u00f3n de vulnerabilidad en la entidad.<\/p>\n<p>&nbsp;Adem\u00e1s, en coordinaci\u00f3n con la Secretar\u00eda de Seguridad P\u00fablica de Yucat\u00e1n y la Direcci\u00f3n de Polic\u00eda Municipal de M\u00e9rida, se present\u00f3 la campa\u00f1a \u201cPor un Yucat\u00e1n incluyente\u201d, que promover\u00e1 el respeto de los espacios de estacionamiento y rampas destinadas para personas con discapacidad a trav\u00e9s de la aplicaci\u00f3n de multas de 1,200 pesos, como se\u00f1ala el art\u00edculo 270 del Reglamento de la Ley de Tr\u00e1nsito y Vialidad del Estado de Yucat\u00e1n, a los infractores, as\u00ed como la denuncia de los testigos a trav\u00e9s de las llamadas al 911.<\/p>\n<p>&nbsp;Antes de iniciar el evento, el Ombudsman, Jos\u00e9 Enrique Goff Ailloud, pidi\u00f3 a los asistentes un minuto de silencio por las v\u00edctimas del terremoto que afect\u00f3 a los estados del centro del pa\u00eds, as\u00ed como un reconocimiento a la voluntad y solidaridad de los mexicanos en este momento de tragedia.<\/p>\n<p>Sobre la labor del Comit\u00e9 T\u00e9cnico, el Presidente de la CODHEY record\u00f3 que la Convenci\u00f3n sobre los Derechos de las Personas con Discapacidad de las Naciones Unidas, es el primer tratado internacional en darles un tratamiento exclusivo a las personas con discapacidad a trav\u00e9s del reconocimiento de un cat\u00e1logo de derechos con efectos jur\u00eddicamente vinculantes para los Estados.<\/p>\n<p>Sin embargo, a pesar de los avances legislativos, precis\u00f3 que las personas con discapacidad siguen siendo en M\u00e9xico y tambi\u00e9n en Yucat\u00e1n, uno de los sectores sociales con mayor vulnerabilidad y desventaja social.<\/p>\n<p>\u201cEs evidente que las personas con discapacidad a\u00fan no logran obtener con plenitud las oportunidades que esperan en el \u00e1mbito laboral, el acceso en condiciones de igualdad a bienes y servicios, a la salud, a la educaci\u00f3n, al transporte; pues se enfrentan d\u00eda con d\u00eda con barreras adversas como la discriminaci\u00f3n, o con espacios arquitect\u00f3nicos no adecuados a los est\u00e1ndares de inclusi\u00f3n y de accesibilidad\u201d, indic\u00f3.<\/p>\n<p>Por lo que hizo un llamado a trabajar en conjunto para ir construyendo una nueva toma de conciencia sobre el modo de entender la discapacidad desde una \u00f3ptica de derechos humanos, a producirse el tr\u00e1nsito de ciudadanos invisibles a ciudadanos iguales, participativos e integrados en la vida de sus comunidades.<\/p>\n<p>Reconoci\u00f3 el esfuerzo de la sociedad civil organizada, porque en la medida que los derechos humanos de las personas con discapacidad se vigilen eficazmente se propiciar\u00e1 una mayor toma de conciencia y se adoptar\u00e1n medidas para dar lugar a mayores y mejores contextos inclusivos.&nbsp;<\/p>\n<p>El Comit\u00e9 T\u00e9cnico est\u00e1 integrado por representantes de organizaciones que trabajan los diferentes tipos de discapacidad en la entidad: por la auditiva, &nbsp;Juan Carlos Santana Estrada, de la Fundaci\u00f3n Elda Peniche Larrea A.C.; intelectual; Ver\u00f3nica Rosas Ortega, de la Asociaci\u00f3n Paso a Pasito A.C.; motriz, V\u00edctor Manuel Medina Dzib, de la Asociaci\u00f3n Yucateca de Deportes sobre Silla de Ruedas A.C.; psicosocial, Mar\u00eda Luisa de la Paz Pardo Cu\u00e9, de la Asociaci\u00f3n Mexicana de Esclerosis Tuberosa A.C.; visual, Jenny Niceldy Dzib Gamboa, de la Asociaci\u00f3n Yucateca del Deporte para Ciegos y D\u00e9biles Visuales A.C.; adem\u00e1s de expertos en el tema como Dulce Caballero Encalada, de la Asociaci\u00f3n Yucateca de Padres de Familia Pro Deficiente Mental A.C. y &nbsp;Janeth Polito Garc\u00eda, de la Asociaci\u00f3n Mexicana para la Comunicaci\u00f3n y Superaci\u00f3n de las Personas con Discapacidad Auditiva A.C.<\/p>\n<p>En representaci\u00f3n de las organizaciones que conforman el Comit\u00e9 T\u00e9cnico, Jenny Niceldy Dzib Gamboa, dijo que el compromiso que hoy asumen representa  grandes retos en la lucha por las personas con discapacidad.<\/p>\n<p>\u201cDeseamos realizar aportes a trav\u00e9s del conocimiento, la ciencia y la experiencia en la b\u00fasqueda de soluciones \u00f3ptimas ante las diversas problem\u00e1ticas que conciernen a la discapacidad y de quienes la presentan, para que puedan vivir y desarrollarse con dignidad en las distintas esferas de la vida\u201d, indic\u00f3.<\/p>\n<p>Dizb Gamboa precis\u00f3 que la discapacidad es un tema que nos compete a todos: hombres, mujeres, ni\u00f1os, j\u00f3venes, adultos,  l\u00edderes pol\u00edticos, profesionales, empresarios, autoridades, medios de comunicaci\u00f3n y comunidad.<\/p>\n<p>En el evento se present\u00f3 la campa\u00f1a \u201cPor un Yucat\u00e1n incluyente\u201d, que difundir\u00e1 a trav\u00e9s de redes sociales y medios de comunicaci\u00f3n un video y posters exhortando a los conductores y ciudadan\u00eda en general, respetar los espacios destinados a personas con discapacidad, as\u00ed como la invitaci\u00f3n a los testigos de estos hechos a denunciar a trav\u00e9s del n\u00famero 911.<\/p>\n<p>A la presentaci\u00f3n de la campa\u00f1a asisti\u00f3 el Director de Operativos Viales, Carlos Ricardo Marsh Ibarra; y el Director de la Polic\u00eda Municipal de M\u00e9rida, del H. Ayuntamiento de M\u00e9rida, Mario Arturo Romero Escalante.<\/p>\n<p><\/p>\n","protected":false},"excerpt":{"rendered":"<p>Se presenta la campa\u00f1a \u201cPor un Yucat\u00e1n Incluyente\u201d.<\/p>\n","protected":false},"author":1018,"featured_media":0,"comment_status":"open","ping_status":"open","sticky":false,"template":"","format":"standard","meta":{"tdm_status":"","tdm_grid_status":"","footnotes":""},"categories":[21],"tags":[],"_links":{"self":[{"href":"https:\/\/dralvarez.com.mx\/larevista\/wp-json\/wp\/v2\/posts\/57994"}],"collection":[{"href":"https:\/\/dralvarez.com.mx\/larevista\/wp-json\/wp\/v2\/posts"}],"about":[{"href":"https:\/\/dralvarez.com.mx\/larevista\/wp-json\/wp\/v2\/types\/post"}],"author":[{"embeddable":true,"href":"https:\/\/dralvarez.com.mx\/larevista\/wp-json\/wp\/v2\/users\/1018"}],"replies":[{"embeddable":true,"href":"https:\/\/dralvarez.com.mx\/larevista\/wp-json\/wp\/v2\/comments?post=57994"}],"version-history":[{"count":0,"href":"https:\/\/dralvarez.com.mx\/larevista\/wp-json\/wp\/v2\/posts\/57994\/revisions"}],"wp:attachment":[{"href":"https:\/\/dralvarez.com.mx\/larevista\/wp-json\/wp\/v2\/media?parent=57994"}],"wp:term":[{"taxonomy":"category","embeddable":true,"href":"https:\/\/dralvarez.com.mx\/larevista\/wp-json\/wp\/v2\/categories?post=57994"},{"taxonomy":"post_tag","embeddable":true,"href":"https:\/\/dralvarez.com.mx\/larevista\/wp-json\/wp\/v2\/tags?post=57994"}],"curies":[{"name":"wp","href":"https:\/\/api.w.org\/{rel}","templated":true}]}}