{"id":57991,"date":"2017-09-21T00:00:00","date_gmt":"2017-09-21T06:00:00","guid":{"rendered":"https:\/\/dralvarez.com.mx\/larevista\/blog\/construir-la-continuidad-y-consolidar-lo-hecho-17573"},"modified":"2017-09-21T00:00:00","modified_gmt":"2017-09-21T06:00:00","slug":"construir-la-continuidad-y-consolidar-lo-hecho-17573","status":"publish","type":"post","link":"https:\/\/dralvarez.com.mx\/larevista\/yucatan\/construir-la-continuidad-y-consolidar-lo-hecho-17573","title":{"rendered":"Construir la continuidad y consolidar lo hecho"},"content":{"rendered":"<\/p>\n<p>Tixkokob, Yucat\u00e1n, 20 de septiembre de 2017.- Tendremos una resbaladilla nueva, exclam\u00f3 Alexander Emanuel con singular alegr\u00eda a sus compa\u00f1eras y compa\u00f1eros del jard\u00edn de ni\u00f1os \u201cEnrique D\u00edaz Villamil\u201d.<\/p>\n<p>Los infantes atestiguaron el inicio de los trabajos de rehabilitaci\u00f3n del parque principal de Tixkokob, se sumaron a la emoci\u00f3n de Alexander y luc\u00edan contentos por la obra que proyecta la instalaci\u00f3n de jugos infantiles.<\/p>\n<p>\u201cGracias por arreglar nuestro parque\u201d, expres\u00f3 el peque\u00f1o al saludar al titular de la Secretar\u00eda de Desarrollo Social (Sedesol), Mauricio Sahu\u00ed Rivero, que puso en marcha los trabajos que concluir\u00e1n en el mes de diciembre.<\/p>\n<p>Ante estudiantes y vecinos del municipio, el funcionario estatal destac\u00f3 que para mantener la paz y tranquilidad que caracteriza a Yucat\u00e1n, se requiere construir ciudadan\u00eda, para lo cual se requiere tener espacios dignos de convivencia y cercan\u00eda entre sus habitantes.<\/p>\n<p>Por lo que manifest\u00f3 que adem\u00e1s de la remodelaci\u00f3n al parque que se realiza con una inversi\u00f3n superior a 1.8 millones de pesos, en breve, comenzar\u00e1 la remodelaci\u00f3n del mercado municipal que comprender\u00e1 una inversi\u00f3n de 1.4 millones de pesos.<\/p>\n<p>Ambas obras son posibles con recursos provenientes del Ramo 23 como parte de las &nbsp;tareas de gesti\u00f3n que realizan los tres \u00f3rdenes de gobierno.<\/p>\n<p>\u201cPor eso tambi\u00e9n se remodelar\u00e1 el mercado, porque la ciudadan\u00eda requiere espacios dignos para su desarrollo y generar la convivencia\u201d, apunt\u00f3.<\/p>\n<p>Acompa\u00f1ado de la diputada federal, Lucely Alpizar Carrillo, Sahu\u00ed Rivero indic\u00f3 que el Gobernador Rolando Zapata Bello sabe que para avanzar hay que trabajar en equipo, mirando a los ojos a la gente, recordando los compromisos que adquirieron  y cumpliendo la palabra.<\/p>\n<p>\u201cEn diciembre aqu\u00ed van a venir las familias a pasear, los ni\u00f1os y ni\u00f1as se divertir\u00e1n y se convertir\u00e1 en un espacio que por muchos a\u00f1os m\u00e1s permita a sus habitantes convivir sanamente\u201d, puntualiz\u00f3.<\/p>\n<p>El responsable de la pol\u00edtica social en la entidad se\u00f1al\u00f3 que Yucat\u00e1n est\u00e1 creciendo econ\u00f3micamente por encima de la media nacional y combatiendo la pobreza con resultados positivos.<\/p>\n<p>\u201cVienen tiempos para construir la continuidad y consolidar lo hecho en Yucat\u00e1n por todas y todos\u201d, enfatiz\u00f3 Sahu\u00ed Rivero ante el alcalde de Tixkokob, Lidio Ju\u00e1rez G\u00f3mez.<\/p>\n<p><\/p>\n","protected":false},"excerpt":{"rendered":"<p>Anuncian obras para Tixkokob.<\/p>\n","protected":false},"author":1018,"featured_media":0,"comment_status":"open","ping_status":"open","sticky":false,"template":"","format":"standard","meta":{"tdm_status":"","tdm_grid_status":"","footnotes":""},"categories":[21],"tags":[],"_links":{"self":[{"href":"https:\/\/dralvarez.com.mx\/larevista\/wp-json\/wp\/v2\/posts\/57991"}],"collection":[{"href":"https:\/\/dralvarez.com.mx\/larevista\/wp-json\/wp\/v2\/posts"}],"about":[{"href":"https:\/\/dralvarez.com.mx\/larevista\/wp-json\/wp\/v2\/types\/post"}],"author":[{"embeddable":true,"href":"https:\/\/dralvarez.com.mx\/larevista\/wp-json\/wp\/v2\/users\/1018"}],"replies":[{"embeddable":true,"href":"https:\/\/dralvarez.com.mx\/larevista\/wp-json\/wp\/v2\/comments?post=57991"}],"version-history":[{"count":0,"href":"https:\/\/dralvarez.com.mx\/larevista\/wp-json\/wp\/v2\/posts\/57991\/revisions"}],"wp:attachment":[{"href":"https:\/\/dralvarez.com.mx\/larevista\/wp-json\/wp\/v2\/media?parent=57991"}],"wp:term":[{"taxonomy":"category","embeddable":true,"href":"https:\/\/dralvarez.com.mx\/larevista\/wp-json\/wp\/v2\/categories?post=57991"},{"taxonomy":"post_tag","embeddable":true,"href":"https:\/\/dralvarez.com.mx\/larevista\/wp-json\/wp\/v2\/tags?post=57991"}],"curies":[{"name":"wp","href":"https:\/\/api.w.org\/{rel}","templated":true}]}}