{"id":57990,"date":"2017-09-21T00:00:00","date_gmt":"2017-09-21T06:00:00","guid":{"rendered":"https:\/\/dralvarez.com.mx\/larevista\/blog\/refuerzan-sanidad-e-inocuidad-agroalimentaria-para-mantener-el-buen-rumbo-en-la-peninsula-17572"},"modified":"2017-09-21T00:00:00","modified_gmt":"2017-09-21T06:00:00","slug":"refuerzan-sanidad-e-inocuidad-agroalimentaria-para-mantener-el-buen-rumbo-en-la-peninsula-17572","status":"publish","type":"post","link":"https:\/\/dralvarez.com.mx\/larevista\/yucatan\/refuerzan-sanidad-e-inocuidad-agroalimentaria-para-mantener-el-buen-rumbo-en-la-peninsula-17572","title":{"rendered":"Refuerzan sanidad e inocuidad agroalimentaria para mantener el buen rumbo en la pen\u00ednsula"},"content":{"rendered":"<\/p>\n<p><b>Chetumal, Quintana Roo<\/b>.-Con un llamado a continuar mejorando la sanidad e inocuidad agroalimentaria de la Pen\u00ednsula de Yucat\u00e1n para mantener el buen rumbo que se tiene en la regi\u00f3n, concluy\u00f3 la XIV Sesi\u00f3n de trabajo del Consejo Peninsular de Sanidad e Inocuidad Agroalimentaria(CPSIA),  que encabez\u00f3 el titular de la Secretar\u00eda de Desarrollo Rural (Seder), Juan Jos\u00e9 Canul P\u00e9rez, en su calidad de presidente del organismo.<\/p>\n<p>Ante la presencia de autoridades de la Secretar\u00eda de Agricultura, Ganader\u00eda, Desarrollo Rural, Pesca y Alimentaci\u00f3n (SAGARPA), &nbsp;Servicio Nacional de Sanidad e Inocuidad y Calidad Agroalimentaria(SENASICA) de los Estados de Campeche, Quintana Roo y Yucat\u00e1n, Organismos Auxiliares de Sanidad Pecuaria, Vegetal y Acu\u00edcola, Productores Av\u00edcolas, Porc\u00edcolas y Ganaderos Bovinos, Polic\u00eda Federal Preventiva (PFP) y la Secretaria de la Defensa Nacional (SEDENA), Canul P\u00e9rez llam\u00f3 a no bajar la guardia para fortalecer las acciones de inspecci\u00f3n y vigilancia fitozoosanitaria agropecuaria y pesquera en cada una de las entidades.<\/p>\n<p>En el Centro Internacional de Negocios y Convenciones de esta capital, ante su hom\u00f3logo de Quintana Roo, Pedro Enrique P\u00e9rez D\u00edaz, y Hugo Francisco Sandoval L\u00f3pez, titular de la Unidad de Coordinaci\u00f3n y Enlace de la SENASICA, en representaci\u00f3n del Director en jefe de esta dependencia, Enrique S\u00e1nchez Cruz, el funcionario estatal dijo que las medidas de protecci\u00f3n del estatus sanitario avanzan para facilitar el libre tr\u00e1nsito de ganado en la regi\u00f3n y propiciar la exportaci\u00f3n agropecuaria a Estados Unidos, puesYucat\u00e1n ya tiene el estatus de Acreditado Modificado.<\/p>\n<p>Reconoci\u00f3 que la regi\u00f3n tiene un estatus sanitario privilegiado, pues est\u00e1 libre de enfermedades como Influenza Aviar AH7N3, Fiebre Porcina Cl\u00e1sica y Diarrea Epid\u00e9mica Porcina, por lo que los tres Estados deben mantenerse en coordinaci\u00f3n interinstitucional permanente para preservar este reconocimiento. <\/p>\n<p>En su intervenci\u00f3n, el delegado de la Sagarpa de Quintana Roo, C\u00e9sar Armando Rosales  Cancino pidi\u00f3 a los presentes un minuto de silencio para rendir honor a los compa\u00f1eros de la Sagarpa que perdieron la vida  y poblaci\u00f3n en general que se vio afectada por el sismo del d\u00eda de ayer.<\/p>\n<p>En su mensaje Pedro Enrique P\u00e9rez D\u00edaz, secretario de Desarrollo Agropecuario, Rural y Pesca de Quintana Roo, mencion\u00f3 que desde el inicio de este Consejo los tres estados han trabajado en manera conjunta en redoblar esfuerzos para hacer eficiente esquemas en agricultura y pesca, cosa que est\u00e1n logrando a trav\u00e9s de la unidad y criterios unificados.<\/p>\n<p>P\u00e9rez D\u00edaz coincidi\u00f3 con su hom\u00f3logo de Yucat\u00e1n de continuar con el rumbo trazado para mejorar la protecci\u00f3n pecuaria y en la sinerg\u00eda de los temas de sanidad que es motivo de reconocimiento nacional e internacional, raz\u00f3n por la cual se seguir\u00e1 con las buenas practicas para M\u00e9xico.<\/p>\n<p>En asuntos generales, por parte de Yucat\u00e1n, el director de agricultura de la Seder, Luis Novelo Pi\u00f1a, solicit\u00f3 al Consejo un \u00e1rea piloto para buscar los lineamientos para que en la Pen\u00ednsula se pueda utilizar el uso de patr\u00f3n de naranja agria, pues en la entidad no se ha detectado el virus de la tristeza. A esta petici\u00f3n se sum\u00f3 tambi\u00e9n el gobierno de Quintana Roo.<\/p>\n<p>Estuvieron presentes los subsecretarios de Agropecuario  y de Pesca y Acuacultura, Miguel \u00c1ngel Reyes Ch\u00e1vez y Carlos Castillo C\u00e1rdenas,  respectivamente, ambos del estado de Campeche. Asimismo autoridades civiles, militares, federales y estatales como \u00f3rganos de vigilancia, presidentes de asociaciones productivas y educativas.<\/p>\n<p><\/p>\n","protected":false},"excerpt":{"rendered":"<p>La regi\u00f3n tiene un estatus sanitario privilegiado, pues est\u00e1 libre de enfermedades como Influenza Aviar AH7N3, Fiebre Porcina Cl\u00e1sica y Diarrea Epid\u00e9m<\/p>\n","protected":false},"author":1018,"featured_media":0,"comment_status":"open","ping_status":"open","sticky":false,"template":"","format":"standard","meta":{"tdm_status":"","tdm_grid_status":"","footnotes":""},"categories":[21],"tags":[],"_links":{"self":[{"href":"https:\/\/dralvarez.com.mx\/larevista\/wp-json\/wp\/v2\/posts\/57990"}],"collection":[{"href":"https:\/\/dralvarez.com.mx\/larevista\/wp-json\/wp\/v2\/posts"}],"about":[{"href":"https:\/\/dralvarez.com.mx\/larevista\/wp-json\/wp\/v2\/types\/post"}],"author":[{"embeddable":true,"href":"https:\/\/dralvarez.com.mx\/larevista\/wp-json\/wp\/v2\/users\/1018"}],"replies":[{"embeddable":true,"href":"https:\/\/dralvarez.com.mx\/larevista\/wp-json\/wp\/v2\/comments?post=57990"}],"version-history":[{"count":0,"href":"https:\/\/dralvarez.com.mx\/larevista\/wp-json\/wp\/v2\/posts\/57990\/revisions"}],"wp:attachment":[{"href":"https:\/\/dralvarez.com.mx\/larevista\/wp-json\/wp\/v2\/media?parent=57990"}],"wp:term":[{"taxonomy":"category","embeddable":true,"href":"https:\/\/dralvarez.com.mx\/larevista\/wp-json\/wp\/v2\/categories?post=57990"},{"taxonomy":"post_tag","embeddable":true,"href":"https:\/\/dralvarez.com.mx\/larevista\/wp-json\/wp\/v2\/tags?post=57990"}],"curies":[{"name":"wp","href":"https:\/\/api.w.org\/{rel}","templated":true}]}}