{"id":57987,"date":"2017-09-21T00:00:00","date_gmt":"2017-09-21T06:00:00","guid":{"rendered":"https:\/\/dralvarez.com.mx\/larevista\/blog\/el-isstey-se-solidariza-con-los-afectados-por-los-terremotos-17569"},"modified":"2017-09-21T00:00:00","modified_gmt":"2017-09-21T06:00:00","slug":"el-isstey-se-solidariza-con-los-afectados-por-los-terremotos-17569","status":"publish","type":"post","link":"https:\/\/dralvarez.com.mx\/larevista\/yucatan\/el-isstey-se-solidariza-con-los-afectados-por-los-terremotos-17569","title":{"rendered":"El Isstey se solidariza con los afectados por los terremotos"},"content":{"rendered":"<\/p>\n<p>M\u00e9rida, Yucat\u00e1n, 20 de septiembre de 2017.- Ante los sismos ocurridos recientemente y que han afectado a varios estados de la Rep\u00fablica, el Instituto de Seguridad Social de los Trabajadores del Estado de Yucat\u00e1n (Isstey) se solidariza con sus compatriotas y convoca &nbsp;a todos los servidores p\u00fablicos y a las personas en general a la colecta en beneficio de la Ciudad de M\u00e9xico, Oaxaca, Chiapas, Puebla y Morelos.<\/p>\n<p>La noche del 7 de septiembre se registr\u00f3 el sismo de magnitud 8.2 con epicentro en el mar pac\u00edfico cercano a Pijijiapan, Chiapas, siendo perjudicado gravemente tambi\u00e9n el estado de Oaxaca. El d\u00eda de ayer ocurri\u00f3 otro de 7.1 con epicentro entre Morelos y Puebla, da\u00f1ando de igual forma a la Ciudad de M\u00e9xico, Estado de M\u00e9xico, Guerrero, Tlaxcala y nuevamente Oaxaca.<\/p>\n<p>Por ello, realizaremos un acopio en las instalaciones del Centro para Jubilados y Pensionados, ubicado en la <a target=\"_blank\" rel=\"nofollow noopener\" href=\"https:\/\/maps.google.com\/?q=calle+69+n%C3%BAmero+522&amp;entry=gmail&amp;source=g\">calle 69 n\u00famero 522<\/a>&nbsp;entre 64 y 62 de la Centro. El horario es de lunes a viernes de 8:00 a 17:00 horas, y el s\u00e1bado y domingo de 9:00 a 17:00 horas.<\/p>\n<p>Se recibir\u00e1n alimentos enlatados y empaquetados, agua embotellada, medicamentos, art\u00edculos de aseo personal, comida y pa\u00f1ales para beb\u00e9, as\u00ed como productos de limpieza.<\/p>\n<p>Todos los donativos se canalizar\u00e1n a las zonas afectadas, a trav\u00e9s del DIF Yucat\u00e1n. La fecha l\u00edmite de la colecta es el jueves 28 de septiembre.<\/p>\n<p><\/p>\n","protected":false},"excerpt":{"rendered":"<p>Se recibir\u00e1n alimentos enlatados y empaquetados, agua embotellada, medicamentos, art\u00edculos de aseo personal, comida y pa\u00f1ales para beb\u00e9, as\u00ed como prod<\/p>\n","protected":false},"author":1018,"featured_media":0,"comment_status":"open","ping_status":"open","sticky":false,"template":"","format":"standard","meta":{"tdm_status":"","tdm_grid_status":"","footnotes":""},"categories":[21],"tags":[],"_links":{"self":[{"href":"https:\/\/dralvarez.com.mx\/larevista\/wp-json\/wp\/v2\/posts\/57987"}],"collection":[{"href":"https:\/\/dralvarez.com.mx\/larevista\/wp-json\/wp\/v2\/posts"}],"about":[{"href":"https:\/\/dralvarez.com.mx\/larevista\/wp-json\/wp\/v2\/types\/post"}],"author":[{"embeddable":true,"href":"https:\/\/dralvarez.com.mx\/larevista\/wp-json\/wp\/v2\/users\/1018"}],"replies":[{"embeddable":true,"href":"https:\/\/dralvarez.com.mx\/larevista\/wp-json\/wp\/v2\/comments?post=57987"}],"version-history":[{"count":0,"href":"https:\/\/dralvarez.com.mx\/larevista\/wp-json\/wp\/v2\/posts\/57987\/revisions"}],"wp:attachment":[{"href":"https:\/\/dralvarez.com.mx\/larevista\/wp-json\/wp\/v2\/media?parent=57987"}],"wp:term":[{"taxonomy":"category","embeddable":true,"href":"https:\/\/dralvarez.com.mx\/larevista\/wp-json\/wp\/v2\/categories?post=57987"},{"taxonomy":"post_tag","embeddable":true,"href":"https:\/\/dralvarez.com.mx\/larevista\/wp-json\/wp\/v2\/tags?post=57987"}],"curies":[{"name":"wp","href":"https:\/\/api.w.org\/{rel}","templated":true}]}}