{"id":57958,"date":"2017-09-20T00:00:00","date_gmt":"2017-09-20T06:00:00","guid":{"rendered":"https:\/\/dralvarez.com.mx\/larevista\/blog\/rescatistas-yucatecos-se-suman-a-labores-de-auxilio-en-la-ciudad-de-mexico-17539"},"modified":"2017-09-20T00:00:00","modified_gmt":"2017-09-20T06:00:00","slug":"rescatistas-yucatecos-se-suman-a-labores-de-auxilio-en-la-ciudad-de-mexico-17539","status":"publish","type":"post","link":"https:\/\/dralvarez.com.mx\/larevista\/yucatan\/rescatistas-yucatecos-se-suman-a-labores-de-auxilio-en-la-ciudad-de-mexico-17539","title":{"rendered":"Rescatistas yucatecos se suman a labores de auxilio en la Ciudad de M\u00e9xico"},"content":{"rendered":"<\/p>\n<div>\n<p>M\u00e9rida, Yucat\u00e1n, 20 de septiembre de 2017.- Preparados para actuar en situaciones de emergencia y con la principal motivaci\u00f3n de auxiliar a la poblaci\u00f3n, 20 rescatistas yucatecos se sumaron este d\u00eda a las labores de apoyo y b\u00fasqueda de personas entre los escombros de los edificios que se derrumbaron a causa del sismo que sacudi\u00f3 a la Ciudad de M\u00e9xico.<\/p>\n<p>Los elementos, pertenecientes a la Unidad Estatal de Protecci\u00f3n Civil (Procivy) y a las Secretar\u00edas de Seguridad P\u00fablica (SSP) y Salud (SSY), viajaron la ma\u00f1ana de este mi\u00e9rcoles desde el Aeropuerto Internacional \u201cManuel Crescencio Rej\u00f3n\u201d de M\u00e9rida a la capital del pa\u00eds, para ponerse a disposici\u00f3n de la Coordinaci\u00f3n Nacional del ramo, organismo que dirige los esfuerzos.<\/p>\n<p>La delegaci\u00f3n de auxilio de Yucat\u00e1n parti\u00f3 a las 6:00 horas en el vuelo 524 de la aerol\u00ednea Aerom\u00e9xico, empresa que otorg\u00f3 todas las facilidades para el traslado del equipo, herramientas e insumos. En la Ciudad de M\u00e9xico fue recibida por  Ignacio Mendicuti Pav\u00f3n,  titular de la Oficina de la Representaci\u00f3n del Gobierno del Estado en la urbe, donde tendr\u00e1 su base de operaciones.<\/p>\n<p>Despu\u00e9s de haber participado en otras labores de apoyo en Nuevo Le\u00f3n y Tabasco, el bombero Juan Gabriel Chi Moo reconoce que hay sentimientos encontrados al acudir ahora a esta nueva experiencia, pero tambi\u00e9n est\u00e1 consciente de que hay que cumplir con el deber, porque para ello \u00e9l y su escuadr\u00f3n est\u00e1n preparados, listos para ayudar. <\/p>\n<p>\u201cEn estos momentos es cuando se valora m\u00e1s el estudio, la pr\u00e1ctica y la disciplina diaria que le pone uno a lo que hace. \u00c9sta es una oportunidad para mostrar de lo que estamos hechos y nos hemos preparado, nuestra principal motivaci\u00f3n es ayudar. Es dif\u00edcil dejar a la familia, pero entienden nuestro trabajo y est\u00e1n orgullosos de que vayamos a apoyar\u201d, expone el agente, quien es padre de tres hijos.<\/p>\n<p>En total viajaron cinco param\u00e9dicos e igual n\u00famero de elementos del cuerpo de bomberos, mientras que el resto son de Procivy y de la SSY. Adem\u00e1s de medicamentos y botiquines de primeros auxilios, tambi\u00e9n se llevan guantes de carnaza, l\u00e1mparas, paliacates y m\u00e1scaras para polvo. Para las labores de rescate, se cargaron palas, picos, barretas, camillas especializadas, cuerdas y el equipo conocido como las quijadas de la vida.<\/p>\n<p>Entrevistado al respecto en la terminal a\u00e9rea meridana, el director de Procivy, Aar\u00f3n Palomo Eu\u00e1n, inform\u00f3 que el representativo de Yucat\u00e1n que se suma a estas tareas de auxilio est\u00e1 altamente capacitado y preparado para hacer los trabajos necesarios frente a este desastre natural, al tiempo que lleva los aparatos para ello.<\/p>\n<p>Con los compa\u00f1eros de rescate y los param\u00e9dicos contribuiremos en la b\u00fasqueda de personas entre los escombros de los edificios derruidos, mientras que el resto estar\u00e1 en apoyo de los albergues, centros de acopio y \u00e1reas habilitadas para suministrar medicamentos y alimentos a la poblaci\u00f3n, as\u00ed como a los voluntarios, precis\u00f3.<\/p>\n<p>Otro de los que integran el grupo que viaj\u00f3 a la Ciudad de M\u00e9xico es el param\u00e9dico Ra\u00fal Gamboa May, quien despu\u00e9s de varios a\u00f1os de prestar sus servicios en el \u00e1rea de emergencias de la SSP, es la primera vez que participa en una situaci\u00f3n de este tipo, pero su \u00fanico compromiso es dar lo mejor de s\u00ed en cada jornada.<\/p>\n<p>\u201cPor lo que hemos visto y escuchado, sabemos que hay muchos afectados. La situaci\u00f3n es un poco complicada, pero nosotros estamos preparados. No sabemos qu\u00e9 nos podremos encontrar, pero vamos para servir y proteger a la gente. Con nuestra labor, llevaremos un mensaje de solidaridad del pueblo yucateco\u201d, agrega. <\/p>\n<p>Con el botiqu\u00edn de primeros auxilios en los hombros, Gamboa May comparte que no es f\u00e1cil dejar a la familia para salir en auxilio de la poblaci\u00f3n. \u201cPero por eso nos decidimos por est<\/p>\n<\/p>\n<\/div>\n","protected":false},"excerpt":{"rendered":"<p>La delegaci\u00f3n est\u00e1 conformada por param\u00e9dicos, bomberos, personal de Protecci\u00f3n Civil y salud.<\/p>\n","protected":false},"author":1018,"featured_media":0,"comment_status":"open","ping_status":"open","sticky":false,"template":"","format":"standard","meta":{"tdm_status":"","tdm_grid_status":"","footnotes":""},"categories":[21],"tags":[],"_links":{"self":[{"href":"https:\/\/dralvarez.com.mx\/larevista\/wp-json\/wp\/v2\/posts\/57958"}],"collection":[{"href":"https:\/\/dralvarez.com.mx\/larevista\/wp-json\/wp\/v2\/posts"}],"about":[{"href":"https:\/\/dralvarez.com.mx\/larevista\/wp-json\/wp\/v2\/types\/post"}],"author":[{"embeddable":true,"href":"https:\/\/dralvarez.com.mx\/larevista\/wp-json\/wp\/v2\/users\/1018"}],"replies":[{"embeddable":true,"href":"https:\/\/dralvarez.com.mx\/larevista\/wp-json\/wp\/v2\/comments?post=57958"}],"version-history":[{"count":0,"href":"https:\/\/dralvarez.com.mx\/larevista\/wp-json\/wp\/v2\/posts\/57958\/revisions"}],"wp:attachment":[{"href":"https:\/\/dralvarez.com.mx\/larevista\/wp-json\/wp\/v2\/media?parent=57958"}],"wp:term":[{"taxonomy":"category","embeddable":true,"href":"https:\/\/dralvarez.com.mx\/larevista\/wp-json\/wp\/v2\/categories?post=57958"},{"taxonomy":"post_tag","embeddable":true,"href":"https:\/\/dralvarez.com.mx\/larevista\/wp-json\/wp\/v2\/tags?post=57958"}],"curies":[{"name":"wp","href":"https:\/\/api.w.org\/{rel}","templated":true}]}}