{"id":57957,"date":"2017-09-20T00:00:00","date_gmt":"2017-09-20T06:00:00","guid":{"rendered":"https:\/\/dralvarez.com.mx\/larevista\/blog\/merida-continua-apoyando-a-damnificados-por-sismos-17538"},"modified":"2017-09-20T00:00:00","modified_gmt":"2017-09-20T06:00:00","slug":"merida-continua-apoyando-a-damnificados-por-sismos-17538","status":"publish","type":"post","link":"https:\/\/dralvarez.com.mx\/larevista\/yucatan\/merida-continua-apoyando-a-damnificados-por-sismos-17538","title":{"rendered":"M\u00e9rida contin\u00faa apoyando a damnificados por sismos"},"content":{"rendered":"<\/p>\n<p>Continuando con el apoyo a los hermanos damnificados por fen\u00f3menos naturales, como los acontecidos &nbsp;esta ma\u00f1ana en la Ciudad de M\u00e9xico, Morelos y Puebla, el alcalde de M\u00e9rida, Mauricio Vila Dosal, anunci\u00f3 que desde ma\u00f1ana mi\u00e9rcoles 20 de septiembre al domingo 24 &nbsp;se instalar\u00e1n varios centros de acopio.<\/p>\n<p>Inform\u00f3 que los puntos de recepci\u00f3n estar\u00e1n ubicados en el Palacio Municipal y &nbsp;oficinas centrales de la dependencia (calle 62 entre 65 y 67); parque de Kalia (fraccionamiento Monterreal) y Centro Renacer (<a target=\"_blank\" rel=\"nofollow noopener\" href=\"https:\/\/maps.google.com\/?q=calle+22+No.+273&amp;entry=gmail&amp;source=g\">calle 22 No. 273<\/a>&nbsp;del fraccionamiento Juan Pablo II) de 10 de la ma\u00f1ana a 7 de la noche.<\/p>\n<p>Agreg\u00f3 que se instalar\u00e1 otro centro de acopio en el oriente de M\u00e9rida, en la subdirecci\u00f3n de Salud (calle 50 entre 29 y 31 del fraccionamiento Pacabt\u00fan).  En este punto el horario de recepci\u00f3n ser\u00e1 de 10 de la ma\u00f1ana a 7 de la noche de mi\u00e9rcoles a domingo.<\/p>\n<p>El alcalde expres\u00f3 su solidaridad y apoyo y tambi\u00e9n pidi\u00f3 a todos los mexicanos fuerza en este dif\u00edcil momento.<\/p>\n<p>Asimismo exhort\u00f3 a los meridanos a colaborar con productos como &nbsp;agua embotellada, alimentos no perecederos, pa\u00f1ales desechables, medicamentos, ropa y cobijas en buen estado.<\/p>\n<p>M\u00e1s informaci\u00f3n en el portal <a target=\"_blank\" rel=\"nofollow noopener\" href=\"http:\/\/merida.gob.mx\/\">merida.gob.mx<\/a>.<\/p>\n<p><\/p>\n","protected":false},"excerpt":{"rendered":"<p>Abren m\u00e1s centros de acopio para apoyar a familias afectadas por temblores.<\/p>\n","protected":false},"author":1018,"featured_media":0,"comment_status":"open","ping_status":"open","sticky":false,"template":"","format":"standard","meta":{"tdm_status":"","tdm_grid_status":"","footnotes":""},"categories":[21],"tags":[],"_links":{"self":[{"href":"https:\/\/dralvarez.com.mx\/larevista\/wp-json\/wp\/v2\/posts\/57957"}],"collection":[{"href":"https:\/\/dralvarez.com.mx\/larevista\/wp-json\/wp\/v2\/posts"}],"about":[{"href":"https:\/\/dralvarez.com.mx\/larevista\/wp-json\/wp\/v2\/types\/post"}],"author":[{"embeddable":true,"href":"https:\/\/dralvarez.com.mx\/larevista\/wp-json\/wp\/v2\/users\/1018"}],"replies":[{"embeddable":true,"href":"https:\/\/dralvarez.com.mx\/larevista\/wp-json\/wp\/v2\/comments?post=57957"}],"version-history":[{"count":0,"href":"https:\/\/dralvarez.com.mx\/larevista\/wp-json\/wp\/v2\/posts\/57957\/revisions"}],"wp:attachment":[{"href":"https:\/\/dralvarez.com.mx\/larevista\/wp-json\/wp\/v2\/media?parent=57957"}],"wp:term":[{"taxonomy":"category","embeddable":true,"href":"https:\/\/dralvarez.com.mx\/larevista\/wp-json\/wp\/v2\/categories?post=57957"},{"taxonomy":"post_tag","embeddable":true,"href":"https:\/\/dralvarez.com.mx\/larevista\/wp-json\/wp\/v2\/tags?post=57957"}],"curies":[{"name":"wp","href":"https:\/\/api.w.org\/{rel}","templated":true}]}}