{"id":57956,"date":"2017-09-20T00:00:00","date_gmt":"2017-09-20T06:00:00","guid":{"rendered":"https:\/\/dralvarez.com.mx\/larevista\/blog\/con-un-lleno-impresionante-arranco-una-temporada-mas-de-la-liga-meridana-en-la-colonia-bojorquez-17537"},"modified":"2017-09-20T00:00:00","modified_gmt":"2017-09-20T06:00:00","slug":"con-un-lleno-impresionante-arranco-una-temporada-mas-de-la-liga-meridana-en-la-colonia-bojorquez-17537","status":"publish","type":"post","link":"https:\/\/dralvarez.com.mx\/larevista\/yucatan\/con-un-lleno-impresionante-arranco-una-temporada-mas-de-la-liga-meridana-en-la-colonia-bojorquez-17537","title":{"rendered":"Con un lleno impresionante arranc\u00f3 una temporada m\u00e1s de la Liga Meridana en la colonia Boj\u00f3rquez"},"content":{"rendered":"<\/p>\n<div>Este martes arranc\u00f3 una de las temporadas m\u00e1s fuertes y parejas de la Liga Meridana de Invierno, por la calidad de sus refuerzos y porque se ha convertido en el escaparate de los j\u00f3venes que buscan un sitio en el beisbol profesional.<\/div>\n<div><\/div>\n<div>Este circuito se ha convertido en un fen\u00f3meno social y el objetivo, como se\u00f1al\u00f3 el alcalde Mauricio Vila Dosal, es mantenerla.<\/div>\n<div><\/div>\n<div>La fiesta del b\u00e9isbol en la colonia Boj\u00f3rquez arranc\u00f3 con la presencia de los seis equipos participantes, junto con sus refuerzos, y que dieron brillo a la ceremonia inaugural encabezada por el mun\u00edcipe Vila Dosal.<\/div>\n<div><\/div>\n<div>Fueron m\u00e1s de 800 personas las que se dieron cita en el campo de la Boj\u00f3rquez que se estremeci\u00f3 cuando anunciaron al refuerzo de &nbsp;lujo de los Diablos, Jes\u00fas \u201cCacao\u201d Valdez.<\/div>\n<div><\/div>\n<div>La ceremonia de apertura arranc\u00f3 con los honores de ordenanza para luego dar paso a la presentaci\u00f3n de autoridades. Esta vez no hubo palabras de nadie y vaya que el pres\u00eddium estaba lleno de reconocidos beisbolistas, incluso inmortales que ahora se encuentran en el Sal\u00f3n de la Fama y autoridades municipales.<\/div>\n<div><\/div>\n<div>Posterior al lanzamiento de la primera bola &nbsp;a cargo de Mauricio Vila Dosal, teniendo como bateador al \u201cCacao\u201d Valdez y como c\u00e1tcher a As\u00ecs Cano Cetina, el primer edil salud\u00f3 de mano y se tom\u00f3 las fotos con los seis equipos que militan en el circuito.<\/div>\n<div><\/div>\n<div>Primero fueron los campeones Zorros, para luego seguir con Diablos, Constructores, Senadores, Azulejos y Rockies.<\/div>\n<div><\/div>\n<div>Los juegos pirot\u00e9cnicos que iluminaron uno de los mejores campos del circuito anunciaron el inicio de las hostilidades y el primer encuentro entre los campeones Zorros y Diablos de la Boj\u00f3rquez.<\/div>\n<div><\/div>\n<div>&nbsp;En entrevista con el edil Mauricio Vila dijo que \u00e9sta es una liga que se ha ido consolidando en el gusto de los meridanos y se dijo contento de llevar una edici\u00f3n m\u00e1s, la s\u00e9ptima, a las colonias y comisar\u00edas de M\u00e9rida.<\/div>\n<div><\/div>\n<div>\u201cVemos un estadio lleno como ser\u00e1 todos los fines de semana y hoy en d\u00eca &nbsp;hay que se\u00f1alar que los equipos cuentan con cuatro &nbsp;refuerzos y que da, adem\u00e1s, la &nbsp;oportunidad a novatos de competir ante los grandes y se busca que este circuito no s\u00f3lo sea de entretenimiento, sino tambi\u00e9n que este proyecto tambi\u00e9n sirva a estos j\u00f3venes en su desarrollo profesional\u201d, se\u00f1al\u00f3.<\/div>\n<div><\/div>\n<div>Se\u00f1al\u00f3 que los meridanos somos una gente de costumbres y el b\u00e9isbol es uno de los deportes favoritos de los meridanos y traerlo a las colonias es una oportunidad como ayuntamiento y para la gente el poder disfrutarlo.<\/div>\n<div><\/div>\n<div>Finalmente dijo que \u00e9ste ser\u00e1 un campeonato parejo y adelant\u00f3 a modo de broma que, seg\u00fan le dijo Jos\u00e9 Vargas volver\u00e1n a ser campeones. Aplaudi\u00f3 tambi\u00e9n el buen estado en que se encuentran los campos de la Liga Meridana, pero en especial \u00e9ste de la colonia Boj\u00f3rquez.<\/div>\n<p><\/p>\n","protected":false},"excerpt":{"rendered":"<p>Este circuito se ha convertido en un fen\u00f3meno social y el objetivo, como se\u00f1al\u00f3 el alcalde Mauricio Vila Dosal, es mantenerla.<\/p>\n","protected":false},"author":1018,"featured_media":0,"comment_status":"open","ping_status":"open","sticky":false,"template":"","format":"standard","meta":{"tdm_status":"","tdm_grid_status":"","footnotes":""},"categories":[21],"tags":[],"_links":{"self":[{"href":"https:\/\/dralvarez.com.mx\/larevista\/wp-json\/wp\/v2\/posts\/57956"}],"collection":[{"href":"https:\/\/dralvarez.com.mx\/larevista\/wp-json\/wp\/v2\/posts"}],"about":[{"href":"https:\/\/dralvarez.com.mx\/larevista\/wp-json\/wp\/v2\/types\/post"}],"author":[{"embeddable":true,"href":"https:\/\/dralvarez.com.mx\/larevista\/wp-json\/wp\/v2\/users\/1018"}],"replies":[{"embeddable":true,"href":"https:\/\/dralvarez.com.mx\/larevista\/wp-json\/wp\/v2\/comments?post=57956"}],"version-history":[{"count":0,"href":"https:\/\/dralvarez.com.mx\/larevista\/wp-json\/wp\/v2\/posts\/57956\/revisions"}],"wp:attachment":[{"href":"https:\/\/dralvarez.com.mx\/larevista\/wp-json\/wp\/v2\/media?parent=57956"}],"wp:term":[{"taxonomy":"category","embeddable":true,"href":"https:\/\/dralvarez.com.mx\/larevista\/wp-json\/wp\/v2\/categories?post=57956"},{"taxonomy":"post_tag","embeddable":true,"href":"https:\/\/dralvarez.com.mx\/larevista\/wp-json\/wp\/v2\/tags?post=57956"}],"curies":[{"name":"wp","href":"https:\/\/api.w.org\/{rel}","templated":true}]}}