{"id":57955,"date":"2017-09-20T00:00:00","date_gmt":"2017-09-20T06:00:00","guid":{"rendered":"https:\/\/dralvarez.com.mx\/larevista\/blog\/poder-judicial-del-estado-se-solidariza-con-afectados-por-desastres-naturales-17536"},"modified":"2017-09-20T00:00:00","modified_gmt":"2017-09-20T06:00:00","slug":"poder-judicial-del-estado-se-solidariza-con-afectados-por-desastres-naturales-17536","status":"publish","type":"post","link":"https:\/\/dralvarez.com.mx\/larevista\/yucatan\/poder-judicial-del-estado-se-solidariza-con-afectados-por-desastres-naturales-17536","title":{"rendered":"Poder Judicial del Estado se solidariza con afectados por desastres naturales"},"content":{"rendered":"<\/p>\n<p>Ante los desastres naturales ocurridos recientemente y que han afectado a varios estados de la Rep\u00fablica y en una muestra de uni\u00f3n y solidaridad con nuestro pueblo, el Poder Judicial del Estado de Yucat\u00e1n convoca &nbsp;a todos los servidores p\u00fablicos y al p\u00fablico en general a la colecta en beneficio de las comunidades afectadas en Ciudad de M\u00e9xico, Oaxaca, Morelos, Puebla, Guerrero, Tlaxcala, Veracruz, Chiapas, Estado de M\u00e9xico entre otros.<\/p>\n<p>&nbsp;<\/p>\n<p><\/p>\n","protected":false},"excerpt":{"rendered":"<p>La colecta tiene fecha como l\u00edmite el jueves 28 de septiembre.<\/p>\n","protected":false},"author":1018,"featured_media":0,"comment_status":"open","ping_status":"open","sticky":false,"template":"","format":"standard","meta":{"tdm_status":"","tdm_grid_status":"","footnotes":""},"categories":[21],"tags":[],"_links":{"self":[{"href":"https:\/\/dralvarez.com.mx\/larevista\/wp-json\/wp\/v2\/posts\/57955"}],"collection":[{"href":"https:\/\/dralvarez.com.mx\/larevista\/wp-json\/wp\/v2\/posts"}],"about":[{"href":"https:\/\/dralvarez.com.mx\/larevista\/wp-json\/wp\/v2\/types\/post"}],"author":[{"embeddable":true,"href":"https:\/\/dralvarez.com.mx\/larevista\/wp-json\/wp\/v2\/users\/1018"}],"replies":[{"embeddable":true,"href":"https:\/\/dralvarez.com.mx\/larevista\/wp-json\/wp\/v2\/comments?post=57955"}],"version-history":[{"count":0,"href":"https:\/\/dralvarez.com.mx\/larevista\/wp-json\/wp\/v2\/posts\/57955\/revisions"}],"wp:attachment":[{"href":"https:\/\/dralvarez.com.mx\/larevista\/wp-json\/wp\/v2\/media?parent=57955"}],"wp:term":[{"taxonomy":"category","embeddable":true,"href":"https:\/\/dralvarez.com.mx\/larevista\/wp-json\/wp\/v2\/categories?post=57955"},{"taxonomy":"post_tag","embeddable":true,"href":"https:\/\/dralvarez.com.mx\/larevista\/wp-json\/wp\/v2\/tags?post=57955"}],"curies":[{"name":"wp","href":"https:\/\/api.w.org\/{rel}","templated":true}]}}