{"id":57953,"date":"2017-09-20T00:00:00","date_gmt":"2017-09-20T06:00:00","guid":{"rendered":"https:\/\/dralvarez.com.mx\/larevista\/blog\/operativo-conjunto-garantiza-traslado-seguro-de-aerogeneradores-17534"},"modified":"2017-09-20T00:00:00","modified_gmt":"2017-09-20T06:00:00","slug":"operativo-conjunto-garantiza-traslado-seguro-de-aerogeneradores-17534","status":"publish","type":"post","link":"https:\/\/dralvarez.com.mx\/larevista\/yucatan\/operativo-conjunto-garantiza-traslado-seguro-de-aerogeneradores-17534","title":{"rendered":"Operativo conjunto garantiza traslado seguro de aerogeneradores"},"content":{"rendered":"<\/p>\n<p>M\u00e9rida, Yucat\u00e1n, 19 de septiembre de 2017.-En medio de un operativo de coordinaci\u00f3n entre diversas instancias del Gobierno del Estado y municipales, as\u00ed como la Polic\u00eda Federal (PF), este mi\u00e9rcoles se trasladar\u00e1n los primeros seis de 28 aerogeneradores  que se instalar\u00e1n en el Parque E\u00f3lico de Dzilam de Bravo, con lo que Yucat\u00e1n se encamina a ser uno de los territorios con mayor producci\u00f3n de energ\u00eda renovable.<\/p>\n<p>Durante una reuni\u00f3n para organizar estas labores, el coordinador General de Asesores del Despacho del Gobernador, Eric Rubio Barthell, destac\u00f3 las tareas conjuntas entre las dependencias para garantizar que estos aparatos, los cuales saldr\u00e1n del Puerto de Altura de Progreso, no causen afectaciones a la poblaci\u00f3n ni a veh\u00edculos que circulen por su ruta de paso, que contempla las carreteras M\u00e9rida-Progreso, M\u00e9rida-Tizim\u00edn, entronque a Yalsih\u00f3n y El Tajo. <\/p>\n<p>Acompa\u00f1ado del director General de la empresa Viva Energ\u00eda, Benigno Villareal del R\u00edo, el funcionario resalt\u00f3 el valor de estos equipos, ya que ofrecer\u00e1n a las industrias yucatecas nuevas alternativas de energ\u00eda para que desempe\u00f1en mejor sus actividades.<\/p>\n<p>En el encuentro, en el que estuvieron representantes de la PF, de la Secretar\u00eda de Comunicaciones y Transportes (SCT) y de la Comisi\u00f3n Federal de Electricidad (CFE), a\u00f1adi\u00f3 que esto tambi\u00e9n generar\u00e1 bienestar social, una derrama econ\u00f3mica importante para el estado y, por ende, m\u00e1s empleos y mayor fuerza de energ\u00eda limpia.<\/p>\n<p>Por su parte, Villareal del R\u00edo detall\u00f3 que este mi\u00e9rcoles a las 22:00 horas saldr\u00e1 del Puerto de Altura el primer cami\u00f3n con dos m\u00f3dulos, con el fin de hacer un recorrido piloto que permita evitar imprevistos en los siguientes viajes. El traslado total se concluir\u00e1 en un tiempo m\u00e1ximo de 110 d\u00edas.<\/p>\n<p>Tras reconocer el sobresaliente operativo de coordinaci\u00f3n entre los tres \u00f3rdenes de Gobierno para esta tarea de movilidad, el empresario explic\u00f3 que en la ruta programada se hicieron modificaciones a la vialidad y al cableado a\u00e9reo, para impedir que se atoren con las estructuras, al tiempo que se crearon calles en localidades de Yalsih\u00f3n para hacer m\u00e1s f\u00e1cil y seguro el paso.<\/p>\n<p>Record\u00f3 que Yucat\u00e1n fue elegido como un destino id\u00f3neo para este Parque E\u00f3lico debido a la demanda energ\u00e9tica que, aunada a su importante infraestructura carretera, portuaria y aeroportuaria, as\u00ed como a los recursos humanos y el ambiente de  desarrollo de negocios, aqu\u00ed existe. Agreg\u00f3 que el lugar est\u00e1 dise\u00f1ado para resistir rachas de viento causadas por huracanes hasta de categor\u00eda cinco.<\/p>\n<p>Ante los secretarios de Obras P\u00fablicas, Daniel Quintal Ic, y de Desarrollo Urbano y Medio Ambiente, Eduardo Batllori Sampedro, Benigno Villareal apunt\u00f3 que la operaci\u00f3n comercial del recinto dar\u00e1 inicio al cierre del segundo trimestre de 2018. Sin embargo, revel\u00f3, se estima empezar a generar energ\u00eda a finales de este a\u00f1o o principios del siguiente, a modo de prueba.<\/p>\n<p>Declar\u00f3 que la capacidad m\u00e1xima de producci\u00f3n ser\u00e1 de 70 megavatios. Sobre la inversi\u00f3n, subray\u00f3 que trat\u00e1ndose de proyectos e\u00f3licos, en general se puede calcular un monto de 1.8 millones de d\u00f3lares por megavatio.<\/p>\n<p>Previo a la reuni\u00f3n, el titular de la Secretar\u00eda de Fomento Econ\u00f3mico (Sefoe), Ernesto Herrera Novelo, junto con el gerente de Operaciones de la Administraci\u00f3n Portuaria Integral (API) de Progreso, Carlos \u00c1ngel Calder\u00f3n Carrillo, supervis\u00f3 el primero de cuatro cargamentos que lleg\u00f3 al Puerto de Altura de Progreso con los equipos aerogeneradores.<\/p>\n<p>Ah\u00ed, Calder\u00f3n Carrillo confirm\u00f3 que se recibieron los m\u00f3dulos necesarios para armar seis torres, cada una compuesta por cinco tramos de tubo, un hub (elemento que une las aspas y es donde se ubica el motor) y tres aspas. Dijo que una estructura de estas alcanza 120 metros de altura, a lo cual se suma 55 metros de h\u00e9lice.<\/p>\n<p>Asimismo, inform\u00f3 que la pr\u00f3xima carga se espera a mediados del pr\u00f3ximo mes. \u00c9sta incluir\u00e1 los aparatos requeridos para armar ocho aerogeneradores, que tambi\u00e9n tendr\u00e1n como destino el Parque E\u00f3lico de Dzilam de Bravo.<\/p>\n<p><\/p>\n","protected":false},"excerpt":{"rendered":"<p>Este mi\u00e9rcoles se trasportar\u00e1n los equipos hasta el parque e\u00f3lico de Dzilam de Bravo.<\/p>\n","protected":false},"author":1018,"featured_media":0,"comment_status":"open","ping_status":"open","sticky":false,"template":"","format":"standard","meta":{"tdm_status":"","tdm_grid_status":"","footnotes":""},"categories":[21],"tags":[],"_links":{"self":[{"href":"https:\/\/dralvarez.com.mx\/larevista\/wp-json\/wp\/v2\/posts\/57953"}],"collection":[{"href":"https:\/\/dralvarez.com.mx\/larevista\/wp-json\/wp\/v2\/posts"}],"about":[{"href":"https:\/\/dralvarez.com.mx\/larevista\/wp-json\/wp\/v2\/types\/post"}],"author":[{"embeddable":true,"href":"https:\/\/dralvarez.com.mx\/larevista\/wp-json\/wp\/v2\/users\/1018"}],"replies":[{"embeddable":true,"href":"https:\/\/dralvarez.com.mx\/larevista\/wp-json\/wp\/v2\/comments?post=57953"}],"version-history":[{"count":0,"href":"https:\/\/dralvarez.com.mx\/larevista\/wp-json\/wp\/v2\/posts\/57953\/revisions"}],"wp:attachment":[{"href":"https:\/\/dralvarez.com.mx\/larevista\/wp-json\/wp\/v2\/media?parent=57953"}],"wp:term":[{"taxonomy":"category","embeddable":true,"href":"https:\/\/dralvarez.com.mx\/larevista\/wp-json\/wp\/v2\/categories?post=57953"},{"taxonomy":"post_tag","embeddable":true,"href":"https:\/\/dralvarez.com.mx\/larevista\/wp-json\/wp\/v2\/tags?post=57953"}],"curies":[{"name":"wp","href":"https:\/\/api.w.org\/{rel}","templated":true}]}}