{"id":57951,"date":"2017-09-20T00:00:00","date_gmt":"2017-09-20T06:00:00","guid":{"rendered":"https:\/\/dralvarez.com.mx\/larevista\/blog\/autoridades-sanitarias-alertan-por-brote-de-conjuntivitis-en-yucatan-17532"},"modified":"2017-09-20T00:00:00","modified_gmt":"2017-09-20T06:00:00","slug":"autoridades-sanitarias-alertan-por-brote-de-conjuntivitis-en-yucatan-17532","status":"publish","type":"post","link":"https:\/\/dralvarez.com.mx\/larevista\/yucatan\/autoridades-sanitarias-alertan-por-brote-de-conjuntivitis-en-yucatan-17532","title":{"rendered":"Autoridades sanitarias alertan por brote de conjuntivitis en Yucat\u00e1n"},"content":{"rendered":"<\/p>\n<p>Autoridades de salud pidieron a la poblaci\u00f3n incrementar las medidas de higiene para evitar la propagaci\u00f3n de conjuntivitis, enfermedad que ha tenido un repunte los \u00faltimos d\u00edas.<\/p>\n<p>Gladys Pech N\u00fa\u00f1ez, responsable de Urgencias Epidemiol\u00f3gicas y Desastres de la Secretar\u00eda de Salud de Yucat\u00e1n (SSY), inform\u00f3 que hasta ahora se han contabilizado poco m\u00e1s de 17 mil 600 casos de este padecimiento, el cual se caracteriza por la inflamaci\u00f3n en los ojos.<\/p>\n<p>La entrevistada refiri\u00f3 que la incidencia de conjuntivitis se genera entre septiembre y enero, siendo la \u00e9poca de calor en la que mayor n\u00famero de casos se generan, por lo que ya se esperaba un repunte.<\/p>\n<p>Reportes oficiales se\u00f1alan que este a\u00f1o se han registrado m\u00e1s de dos mil casos. Tan solo en la actual semana, se confirmaron m\u00e1s de 400 casos nuevos.<\/p>\n<p>Al respecto, Gladys Pech mencion\u00f3 que este padecimiento se contagia por contacto con las secreciones de los ojos, aunque refiri\u00f3 que tambi\u00e9n podr\u00eda propagarse por gotas de saliva.<\/p>\n<p>Pidi\u00f3 a la poblaci\u00f3n recurrir al lavado de manos de manera constante, ya que esto ayudar\u00e1 a evitar la propagaci\u00f3n de la enfermedad.<\/p>\n<p><\/p>\n","protected":false},"excerpt":{"rendered":"<p>Piden a la poblaci\u00f3n incrementar las medidas de higiene para evitar la propagaci\u00f3n de conjuntivitis.<\/p>\n","protected":false},"author":1018,"featured_media":0,"comment_status":"open","ping_status":"open","sticky":false,"template":"","format":"standard","meta":{"tdm_status":"","tdm_grid_status":"","footnotes":""},"categories":[21],"tags":[],"_links":{"self":[{"href":"https:\/\/dralvarez.com.mx\/larevista\/wp-json\/wp\/v2\/posts\/57951"}],"collection":[{"href":"https:\/\/dralvarez.com.mx\/larevista\/wp-json\/wp\/v2\/posts"}],"about":[{"href":"https:\/\/dralvarez.com.mx\/larevista\/wp-json\/wp\/v2\/types\/post"}],"author":[{"embeddable":true,"href":"https:\/\/dralvarez.com.mx\/larevista\/wp-json\/wp\/v2\/users\/1018"}],"replies":[{"embeddable":true,"href":"https:\/\/dralvarez.com.mx\/larevista\/wp-json\/wp\/v2\/comments?post=57951"}],"version-history":[{"count":0,"href":"https:\/\/dralvarez.com.mx\/larevista\/wp-json\/wp\/v2\/posts\/57951\/revisions"}],"wp:attachment":[{"href":"https:\/\/dralvarez.com.mx\/larevista\/wp-json\/wp\/v2\/media?parent=57951"}],"wp:term":[{"taxonomy":"category","embeddable":true,"href":"https:\/\/dralvarez.com.mx\/larevista\/wp-json\/wp\/v2\/categories?post=57951"},{"taxonomy":"post_tag","embeddable":true,"href":"https:\/\/dralvarez.com.mx\/larevista\/wp-json\/wp\/v2\/tags?post=57951"}],"curies":[{"name":"wp","href":"https:\/\/api.w.org\/{rel}","templated":true}]}}