{"id":57950,"date":"2017-09-20T00:00:00","date_gmt":"2017-09-20T06:00:00","guid":{"rendered":"https:\/\/dralvarez.com.mx\/larevista\/blog\/yucatan-se-reporta-listo-para-apoyar-ante-nuevo-sismo-17531"},"modified":"2017-09-20T00:00:00","modified_gmt":"2017-09-20T06:00:00","slug":"yucatan-se-reporta-listo-para-apoyar-ante-nuevo-sismo-17531","status":"publish","type":"post","link":"https:\/\/dralvarez.com.mx\/larevista\/yucatan\/yucatan-se-reporta-listo-para-apoyar-ante-nuevo-sismo-17531","title":{"rendered":"Yucat\u00e1n se reporta listo para apoyar ante nuevo sismo"},"content":{"rendered":"<\/p>\n<div>M\u00e9rida, Yucat\u00e1n, 19 de septiembre de 2017.- El centro de acopio del Sistema para el Desarrollo Integral de la Familia (DIF) Yucat\u00e1n permanece abierto y canalizar\u00e1 el apoyo a la Ciudad de M\u00e9xico o a donde designen las instancias de coordinaci\u00f3n nacional.<\/div>\n<div>El Gobierno del Estado dispone de personal que puede movilizarse para apoyar en acciones de rescate en caso necesario, en uni\u00f3n con el Centro Nacional de Prevenci\u00f3n de Desastres de la Secretar\u00eda de Gobernaci\u00f3n (Segob).  Por ahora se ha solicitado el respaldo a los estados vecinos al lugar del sismo.<\/div>\n<div>El titular de la Oficina de la Representaci\u00f3n del Gobierno de Yucat\u00e1n en la Ciudad de M\u00e9xico, Ignacio Mendicuti Pav\u00f3n, inform\u00f3 que ya ha hecho contacto con miembros de la comunidad yucateca y los reportes preliminares hasta el momento indican que no hay afectados. <\/div>\n<div>Las operaciones en el Aeropuerto Internacional &#8220;Manuel Crescencio Rej\u00f3n&#8221; se mantienen sin contratiempo y el centro de control de M\u00e9rida coordina los viajes con la metr\u00f3poli. <\/div>\n<div>\u00danicamente se dio a conocer la demora de dos vuelos de la compa\u00f1\u00eda Aerom\u00e9xico con destino a la capital del pa\u00eds y el que cubre la ruta La Habana-Ciudad de M\u00e9xico, que tuvo que utilizar la terminal a\u00e9rea meridana como alterna ante el cierre del aeropuerto &#8220;Benito Ju\u00e1rez&#8221; de la urbe, pero ya se prepara para despegar hacia all\u00e1.<\/div>\n<p><\/p>\n","protected":false},"excerpt":{"rendered":"<p>El centro de acopio del DIF se mantendr\u00e1 abierto.<\/p>\n","protected":false},"author":1018,"featured_media":0,"comment_status":"open","ping_status":"open","sticky":false,"template":"","format":"standard","meta":{"tdm_status":"","tdm_grid_status":"","footnotes":""},"categories":[21],"tags":[],"_links":{"self":[{"href":"https:\/\/dralvarez.com.mx\/larevista\/wp-json\/wp\/v2\/posts\/57950"}],"collection":[{"href":"https:\/\/dralvarez.com.mx\/larevista\/wp-json\/wp\/v2\/posts"}],"about":[{"href":"https:\/\/dralvarez.com.mx\/larevista\/wp-json\/wp\/v2\/types\/post"}],"author":[{"embeddable":true,"href":"https:\/\/dralvarez.com.mx\/larevista\/wp-json\/wp\/v2\/users\/1018"}],"replies":[{"embeddable":true,"href":"https:\/\/dralvarez.com.mx\/larevista\/wp-json\/wp\/v2\/comments?post=57950"}],"version-history":[{"count":0,"href":"https:\/\/dralvarez.com.mx\/larevista\/wp-json\/wp\/v2\/posts\/57950\/revisions"}],"wp:attachment":[{"href":"https:\/\/dralvarez.com.mx\/larevista\/wp-json\/wp\/v2\/media?parent=57950"}],"wp:term":[{"taxonomy":"category","embeddable":true,"href":"https:\/\/dralvarez.com.mx\/larevista\/wp-json\/wp\/v2\/categories?post=57950"},{"taxonomy":"post_tag","embeddable":true,"href":"https:\/\/dralvarez.com.mx\/larevista\/wp-json\/wp\/v2\/tags?post=57950"}],"curies":[{"name":"wp","href":"https:\/\/api.w.org\/{rel}","templated":true}]}}