{"id":57947,"date":"2017-09-20T00:00:00","date_gmt":"2017-09-20T06:00:00","guid":{"rendered":"https:\/\/dralvarez.com.mx\/larevista\/blog\/el-ayuntamiento-entregara-5000-becas-de-transporte-a-jovenes-universitarios-en-el-ciclo-escolar-2017-2018-17528"},"modified":"2017-09-20T00:00:00","modified_gmt":"2017-09-20T06:00:00","slug":"el-ayuntamiento-entregara-5000-becas-de-transporte-a-jovenes-universitarios-en-el-ciclo-escolar-2017-2018-17528","status":"publish","type":"post","link":"https:\/\/dralvarez.com.mx\/larevista\/yucatan\/el-ayuntamiento-entregara-5000-becas-de-transporte-a-jovenes-universitarios-en-el-ciclo-escolar-2017-2018-17528","title":{"rendered":"El Ayuntamiento entregar\u00e1 5,000 becas de transporte a j\u00f3venes universitarios en el ciclo escolar 2017-2018"},"content":{"rendered":"<\/p>\n<div>Como parte de las acciones de apoyo solidario a la educaci\u00f3n que se realizan en esta administraci\u00f3n, el &nbsp;Ayuntamiento otorgar\u00e1 5,000 becas de transporte para alumnos que est\u00e9n cursando primero o segundo a\u00f1o de licenciatura en universidades p\u00fablicas o privadas, dio a conocer el alcalde, Mauricio Vila Dosal.<\/div>\n<div>&nbsp;<\/div>\n<div>Este apoyo, subray\u00f3, se suma a las m\u00e1s de 8,000 becas educativas que se entregan en esta administraci\u00f3n para los niveles de educaci\u00f3n b\u00e1sica y media b\u00e1sica.<\/div>\n<div>&nbsp;<\/div>\n<div>Ante alumnos de la Facultad de Ingenier\u00eda de la UADY, en el auditorio de ese centro escolar, el &nbsp;presidente municipal hizo el anuncio de la convocatoria, que estar\u00e1 abierta del 25 al 29 de septiembre.<\/div>\n<div>&nbsp;<\/div>\n<div>Record\u00f3 que aunque la educaci\u00f3n no es competencia directa del Ayuntamiento, sino de las autoridades estatales y federales, esta administraci\u00f3n realiza un esfuerzo para contribuir a que los j\u00f3venes no se vean obligados a dejar sus estudios por motivos econ\u00f3micos.<\/div>\n<div>&nbsp;<\/div>\n<div>Dijo que gracias al orden financiero y a la austeridad de la actual administraci\u00f3n se logr\u00f3 concretar un mayor n\u00famero de apoyos a la educaci\u00f3n, incluidas las becas de transporte.<\/div>\n<div>&nbsp;<\/div>\n<div>Record\u00f3 que el inicio de su administraci\u00f3n se entregaban \u00fanicamente 2,700 becas educativas para primaria y secundaria y en apenas dos a\u00f1os se pas\u00f3 a 4,400 en este nivel, adem\u00e1s de que se gestionaron otras 4,000 para j\u00f3venes de preparatoria y licenciatura, con descuentos del 100 al 10% en colegiaturas e inscripci\u00f3n, mediante convenios con 62 universidades privadas.<\/div>\n<div>&nbsp;<\/div>\n<div>As\u00eds Cano Cetina, director de Desarrollo Humano, precis\u00f3 que la beca consiste en un apoyo mensual de $250 pesos durante el ciclo escolar 2017-2018 y la convocatoria para obtenerla se abre el pr\u00f3ximo lunes 25 y cierra el viernes 29.<\/div>\n<div>&nbsp;<\/div>\n<div>Los interesados podr\u00e1n acudir de lunes a viernes a presentar su solicitud en las oficinas de Desarrollo Humano, ubicadas en la calle 65 No. 368-A entre 40 y 42, Centro.<\/div>\n<div>&nbsp;<\/div>\n<div>Tambi\u00e9n se instalar\u00e1n m\u00f3dulos en los Centros de Superaci\u00f3n Integral Sara Mena de Correa, ubicado en calle 57 con 46, de la colonia Fidel Vel\u00e1zquez (lunes 25 y martes 26); San Jos\u00e9 Tecoh, calle 151 entre 68 y 70 de esa colonia (mi\u00e9rcoles 27); y Nora Quintana, calle 140 entre 61 y 61-A de esa colonia (jueves 28 y viernes 29). En todos los casos el horario de atenci\u00f3n ser\u00e1 de 9 a 13 horas, y de 14 a 18 horas.<\/div>\n<div>&nbsp;<\/div>\n<div>Recalc\u00f3 que el tr\u00e1mite es personal y los requisitos son llevar una constancia de estudios vigente, CURP y copia de la credencia de elector, as\u00ed como comprobante domiciliario. Para aprobar las becas se realizar\u00e1 un estudio socioecon\u00f3mico a los solicitantes.<\/div>\n<div>&nbsp;<\/div>\n<div>OPINIONES DE ESTUDIANTES<\/div>\n<div>&nbsp;<\/div>\n<div>El Br. Carlos Rafael Alpuche V\u00e1zquez, presidente de la Sociedad de Alumnos de la Facultad de Ingenier\u00eda de la UADY agradeci\u00f3 el apoyo municipal y la sensibilidad del alcalde Mauricio Vila Dosal para atender un problema que es uno de los principales detonantes de la deserci\u00f3n escolar.<\/div>\n<div>&nbsp;<\/div>\n<div>Cit\u00f3 como ejemplo que muchos alumnos de la Facultad de Ingenier\u00eda, ubicada en la avenida de Industrias No Contaminantes con Anillo Perif\u00e9rico Norte, llegan de colonias y fraccionamientos muy distantes lo que implica abordar dos o tres autobuses para llegar y otro tanto de vuelta.<\/div>\n<div>&nbsp;<\/div>\n<div>\u2014Esto implica un gasto muy elevado que no todas las familias pueden solventar, de ah\u00ed que sea tan importante que el Ayuntamiento nos apoye con estas becas de transporte \u2014indic\u00f3.<\/div>\n<div>&nbsp;<\/div>\n<div>Luis Daniel Montiel Jim\u00e9nez, de 21 a\u00f1os, agradeci\u00f3 la iniciativa del Ayuntamiento de M\u00e9rida de ofrecer esta ayuda a estudiantes universitarios.<\/div>\n<div>&nbsp;<\/div>\n<div>\u2014Muchos j\u00f3venes que cursan sus licenciaturas en la ciudad no son originarios de M\u00e9rida, pero llegan a esta ciudad a vivir porque saben del nivel educativo de nuestras instituciones \u2014coment\u00f3\u2014. <\/div>\n<div>&nbsp;<\/div>\n<div>A veces los pap\u00e1s no les mandan a tiempo dinero para sus necesidades b\u00e1sicas, como el transporte, por lo que esta beca ayudar\u00e1 mucho.<\/div>\n<div>&nbsp;<\/div>\n<div>Indic\u00f3 que \u00e9l invierte todos los d\u00edas 16 pesos en transportarse a la escuela.<\/div>\n<div>Alexandra Mart\u00ednez afirm\u00f3 que las becas anunciadas ser\u00e1n de gran ayuda para los estudiantes que diario tienen que tomar m\u00e1s de dos autobuses para ir a la escuela.<\/div>\n<div><\/div>\n<div>\u2014Nunca hab\u00eda escuchado que alguna autoridad tuviera esta iniciativa por lo que me siento muy agradecida con el alcalde Mauricio Vila Dosal; casi nunca hay presupuesto para becas y esto es un alivio, es \u201cmuy padre\u201d que se preocupe por nosotros- asegur\u00f3.<\/div>\n<div><\/div>\n<div>Al mes, precis\u00f3, gasta casi $300 en camiones.<\/div>\n<div>&nbsp;<\/div>\n<div>Al evento asistieron tambi\u00e9n V\u00edctor Hugo Lozano Poveda, coordinador general de Pol\u00edtica Comunitaria; Dra. Marcela Zamudio, directora de la Facultad de Ingenier\u00eda Qu\u00edmica de la UADY; regidores Leonardo Parra Canto y Jos\u00e9 Luis Mart\u00ednez Semerena; Dr. Ram\u00f3n Peniche Mena, director de la Facultad de Matem\u00e1ticas de la UADY; Alan P\u00e9rez Brice\u00f1o, presidente del a Nueva Federaci\u00f3n Universitaria, entre otras personas.<\/div>\n<p><\/p>\n","protected":false},"excerpt":{"rendered":"<p>El alcalde, Mauricio Vila Dosal, destaca el apoyo solidario municipal para evitar que los j\u00f3venes dejen los estudios<\/p>\n","protected":false},"author":1018,"featured_media":0,"comment_status":"open","ping_status":"open","sticky":false,"template":"","format":"standard","meta":{"tdm_status":"","tdm_grid_status":"","footnotes":""},"categories":[21],"tags":[],"_links":{"self":[{"href":"https:\/\/dralvarez.com.mx\/larevista\/wp-json\/wp\/v2\/posts\/57947"}],"collection":[{"href":"https:\/\/dralvarez.com.mx\/larevista\/wp-json\/wp\/v2\/posts"}],"about":[{"href":"https:\/\/dralvarez.com.mx\/larevista\/wp-json\/wp\/v2\/types\/post"}],"author":[{"embeddable":true,"href":"https:\/\/dralvarez.com.mx\/larevista\/wp-json\/wp\/v2\/users\/1018"}],"replies":[{"embeddable":true,"href":"https:\/\/dralvarez.com.mx\/larevista\/wp-json\/wp\/v2\/comments?post=57947"}],"version-history":[{"count":0,"href":"https:\/\/dralvarez.com.mx\/larevista\/wp-json\/wp\/v2\/posts\/57947\/revisions"}],"wp:attachment":[{"href":"https:\/\/dralvarez.com.mx\/larevista\/wp-json\/wp\/v2\/media?parent=57947"}],"wp:term":[{"taxonomy":"category","embeddable":true,"href":"https:\/\/dralvarez.com.mx\/larevista\/wp-json\/wp\/v2\/categories?post=57947"},{"taxonomy":"post_tag","embeddable":true,"href":"https:\/\/dralvarez.com.mx\/larevista\/wp-json\/wp\/v2\/tags?post=57947"}],"curies":[{"name":"wp","href":"https:\/\/api.w.org\/{rel}","templated":true}]}}