{"id":57904,"date":"2017-09-19T00:00:00","date_gmt":"2017-09-19T06:00:00","guid":{"rendered":"https:\/\/dralvarez.com.mx\/larevista\/blog\/se-esperan-mas-de-los-16-ciclones-previstos-en-esta-temporada-17480"},"modified":"2017-09-19T00:00:00","modified_gmt":"2017-09-19T06:00:00","slug":"se-esperan-mas-de-los-16-ciclones-previstos-en-esta-temporada-17480","status":"publish","type":"post","link":"https:\/\/dralvarez.com.mx\/larevista\/yucatan\/se-esperan-mas-de-los-16-ciclones-previstos-en-esta-temporada-17480","title":{"rendered":"Se esperan m\u00e1s de los 16 ciclones previstos en esta temporada"},"content":{"rendered":"<\/p>\n<p>El jefe de Protecci\u00f3n Civil del Ayuntamiento de M\u00e9rida, Enrique Alcocer Basto, inform\u00f3 que se rebasar\u00e1 la cifra de 16 ciclones tropicales pronosticados, pues ya se cumplieron 13 y todav\u00eda faltan dos meses y medio para que concluya la temporada de ciclones.<\/p>\n<p>Hasta ahora ya se registraron dos ciclones tropicales en junio; dos, en julio; cuatro en agosto, y cuatro m\u00e1s en lo que va de este mes de septiembre, entre ellos los huracanes Jos\u00e9 y Mar\u00eda y la depresi\u00f3n Lee, que se encuentran actualmente activos, subray\u00f3.<\/p>\n<p>El funcionario municipal inform\u00f3 lo anterior durante la Cuarta Sesi\u00f3n Ordinaria del Consejo Meridano de Protecci\u00f3n Civil, que fue inaugurada por la abogada Mar\u00eda Fritz Sierra, secretaria de la Comuna, en representaci\u00f3n del alcalde Mauricio Vila Dosal, en la sala 2 de los Cinemax de Plaza Galer\u00edas. &nbsp; &nbsp; &nbsp; &nbsp; &nbsp; &nbsp; &nbsp; &nbsp; &nbsp; &nbsp; &nbsp; &nbsp; &nbsp; &nbsp; &nbsp; &nbsp; &nbsp; &nbsp; &nbsp; &nbsp; &nbsp; &nbsp;&nbsp;<\/p>\n<p>Durante la sesi\u00f3n, se dio inicio a la Semana Municipal de Protecci\u00f3n Civil, durante la cual se realizar\u00e1n 100 simulacros de desalojo con el objetivo de que los ciudadanos conozcan las medidas a tomar en caso de alg\u00fan incidente de riesgo.<\/p>\n<p>La abogada Mar\u00eda Fritz record\u00f3 que como directora de Gobernaci\u00f3n, hace 10 a\u00f1os, le toc\u00f3 tambi\u00e9n inaugurar la primera Semana Municipal de Protecci\u00f3n Civil, que ahora cumple 11 ediciones.&nbsp;<\/p>\n<p>El jefe de Protecci\u00f3n Civil inform\u00f3 que los simulacros se realizar\u00e1n en cines, restaurantes, centros comerciales, supermercados, tiendas departamentales, hoteles, escuelas y dependencias municipales. La dependencia cuenta con 500 brigadistas.<\/p>\n<p>Ante los integrantes del Consejo, la directora del DIF Municipal, Loreto Villanueva, inform\u00f3 que se abrieron cuatro centros de acopio para recibir donaciones para apoyar a los v\u00edctimas del sismo en Oaxaca y Chiapas, que ascendieron a 10 toneladas de ayuda, que fueron empaquetadas por un ej\u00e9rcito de 70 personas.<\/p>\n<p>La sesi\u00f3n, que concluy\u00f3 con un simulacro de desalojo de los 70 integrantes del Consejo Meridano de Protecci\u00f3n Civil, fue instalada por el director de Gobernaci\u00f3n, Guibaldo Vargas Madrazo.<\/p>\n<p><\/p>\n","protected":false},"excerpt":{"rendered":"<p>Durante una Semana se realizar\u00e1n 100 simulacros de desalojo.<\/p>\n","protected":false},"author":1018,"featured_media":0,"comment_status":"open","ping_status":"open","sticky":false,"template":"","format":"standard","meta":{"tdm_status":"","tdm_grid_status":"","footnotes":""},"categories":[21],"tags":[],"_links":{"self":[{"href":"https:\/\/dralvarez.com.mx\/larevista\/wp-json\/wp\/v2\/posts\/57904"}],"collection":[{"href":"https:\/\/dralvarez.com.mx\/larevista\/wp-json\/wp\/v2\/posts"}],"about":[{"href":"https:\/\/dralvarez.com.mx\/larevista\/wp-json\/wp\/v2\/types\/post"}],"author":[{"embeddable":true,"href":"https:\/\/dralvarez.com.mx\/larevista\/wp-json\/wp\/v2\/users\/1018"}],"replies":[{"embeddable":true,"href":"https:\/\/dralvarez.com.mx\/larevista\/wp-json\/wp\/v2\/comments?post=57904"}],"version-history":[{"count":0,"href":"https:\/\/dralvarez.com.mx\/larevista\/wp-json\/wp\/v2\/posts\/57904\/revisions"}],"wp:attachment":[{"href":"https:\/\/dralvarez.com.mx\/larevista\/wp-json\/wp\/v2\/media?parent=57904"}],"wp:term":[{"taxonomy":"category","embeddable":true,"href":"https:\/\/dralvarez.com.mx\/larevista\/wp-json\/wp\/v2\/categories?post=57904"},{"taxonomy":"post_tag","embeddable":true,"href":"https:\/\/dralvarez.com.mx\/larevista\/wp-json\/wp\/v2\/tags?post=57904"}],"curies":[{"name":"wp","href":"https:\/\/api.w.org\/{rel}","templated":true}]}}