{"id":57901,"date":"2017-09-19T00:00:00","date_gmt":"2017-09-19T06:00:00","guid":{"rendered":"https:\/\/dralvarez.com.mx\/larevista\/blog\/choque-en-la-calle-73-por-66-17477"},"modified":"2017-09-19T00:00:00","modified_gmt":"2017-09-19T06:00:00","slug":"choque-en-la-calle-73-por-66-17477","status":"publish","type":"post","link":"https:\/\/dralvarez.com.mx\/larevista\/yucatan\/choque-en-la-calle-73-por-66-17477","title":{"rendered":"Choque en la calle 73 por 66"},"content":{"rendered":"<\/p>\n<p>Hoy a las 8:20 horas la Polic\u00eda Municipal de M\u00e9rida tom\u00f3 conocimiento de un hecho de tr\u00e1nsito en la calle 73 por 66 en el que result\u00f3 lesionado Inri Guadalupe D. A.<\/p>\n<p>El accidente aconteci\u00f3 cuando Wilberth Michell M. C. conduc\u00eda su veh\u00edculo Gol placas USN-005-D, del estado de Quintana Roo, en direcci\u00f3n oriente a poniente sobre la calle 73.<\/p>\n<p>Al llegar esta persona al cruce con la 66, no respet\u00f3 el alto de disco, provocando que se impactar\u00e1 en su costado medio derecho la motocicleta placas Y4ZX5 conducida de norte a sur por Inri Guadalupe D. A.<\/p>\n<p>Al lugar acudieron elementos policiales, quienes se encargaron de agilizar vialidad, y param\u00e9dicos para la atenci\u00f3n del lesionado.<\/p>\n<p>Debido a que Inri Guadalupe D. A. presentaba traumatismo craneoencef\u00e1lico y heridas cortantes en varias partes del cuerpo fue trasladado al hospital O\u00b4hor\u00e1n para su atenci\u00f3n m\u00e9dica.<\/p>\n<p>Cabe indicar que debido a que la calle 73 por 66 se encuentra fuera de nuestra \u00e1rea de jurisdicci\u00f3n fue la Secretar\u00eda de Seguridad P\u00fablica quien se hizo cargo del hecho.<\/p>\n<p><\/p>\n","protected":false},"excerpt":{"rendered":"<p>Al lugar acudieron elementos policiales, quienes se encargaron de agilizar vialidad, y param\u00e9dicos para la atenci\u00f3n del lesionado.<\/p>\n","protected":false},"author":1018,"featured_media":0,"comment_status":"open","ping_status":"open","sticky":false,"template":"","format":"standard","meta":{"tdm_status":"","tdm_grid_status":"","footnotes":""},"categories":[21],"tags":[],"_links":{"self":[{"href":"https:\/\/dralvarez.com.mx\/larevista\/wp-json\/wp\/v2\/posts\/57901"}],"collection":[{"href":"https:\/\/dralvarez.com.mx\/larevista\/wp-json\/wp\/v2\/posts"}],"about":[{"href":"https:\/\/dralvarez.com.mx\/larevista\/wp-json\/wp\/v2\/types\/post"}],"author":[{"embeddable":true,"href":"https:\/\/dralvarez.com.mx\/larevista\/wp-json\/wp\/v2\/users\/1018"}],"replies":[{"embeddable":true,"href":"https:\/\/dralvarez.com.mx\/larevista\/wp-json\/wp\/v2\/comments?post=57901"}],"version-history":[{"count":0,"href":"https:\/\/dralvarez.com.mx\/larevista\/wp-json\/wp\/v2\/posts\/57901\/revisions"}],"wp:attachment":[{"href":"https:\/\/dralvarez.com.mx\/larevista\/wp-json\/wp\/v2\/media?parent=57901"}],"wp:term":[{"taxonomy":"category","embeddable":true,"href":"https:\/\/dralvarez.com.mx\/larevista\/wp-json\/wp\/v2\/categories?post=57901"},{"taxonomy":"post_tag","embeddable":true,"href":"https:\/\/dralvarez.com.mx\/larevista\/wp-json\/wp\/v2\/tags?post=57901"}],"curies":[{"name":"wp","href":"https:\/\/api.w.org\/{rel}","templated":true}]}}