{"id":57891,"date":"2017-09-19T00:00:00","date_gmt":"2017-09-19T06:00:00","guid":{"rendered":"https:\/\/dralvarez.com.mx\/larevista\/blog\/parque-de-diversiones-baxal-ja-a-la-altura-de-los-mejores-del-mundo-17467"},"modified":"2017-09-19T00:00:00","modified_gmt":"2017-09-19T06:00:00","slug":"parque-de-diversiones-baxal-ja-a-la-altura-de-los-mejores-del-mundo-17467","status":"publish","type":"post","link":"https:\/\/dralvarez.com.mx\/larevista\/yucatan\/parque-de-diversiones-baxal-ja-a-la-altura-de-los-mejores-del-mundo-17467","title":{"rendered":"Parque de diversiones \u201cBaxal ja\u201d, a la altura de los mejores del mundo"},"content":{"rendered":"<\/p>\n<p>M\u00e9rida, Yucat\u00e1n, 18 de septiembre de 2017.- Toboganes, juegos de agua, pista de surf, granja y un parque ecol\u00f3gico-interactivo, conforman la serie de atractivos que en breve disfrutar\u00e1n las familias yucatecas en el moderno complejo de diversiones \u201cBaxal ja\u201d, el cual por sus condiciones de seguridad, calidad y experiencia para los visitantes estar\u00e1 a la altura de los mejores sitios de su tipo en el mundo. &nbsp; <\/p>\n<p>El Gobernador Rolando Zapata Bello supervis\u00f3 este d\u00eda, en el recinto ferial de X\u2019matkuil, los trabajos de construcci\u00f3n de este novedoso centro de atracciones, que comenz\u00f3 a edificarse en marzo pasado. All\u00ed, constat\u00f3 que actualmente el lugar tiene un avance general de 90 por ciento, por lo que se estima que abra sus puertas al p\u00fablico a finales de octubre pr\u00f3ximo.<\/p>\n<p>Durante el recorrido por el complejo, que ocupa una superficie de 30 mil metros cuadrados, el presidente de la Junta de Gobierno del Instituto Promotor de Ferias del Estado, Juan Jos\u00e9 Abraham Achach, destac\u00f3 que debido a las medidas de seguridad con las que cuenta, as\u00ed como por su moderna infraestructura, este parque estar\u00e1 al mismo nivel de los que se pueden encontrar en Estados Unidos.<\/p>\n<p>Al dar detalles de las \u00e1reas, en las que se erogan recursos por 70 millones de pesos, explic\u00f3 que el parque acu\u00e1tico consta de ocho toboganes, de los cuales tres caen en agua y cinco en piso. Tambi\u00e9n posee un sitio de multijuegos, un r\u00edo lento, zona infantil y pista de surf. Asimismo, una caseta de acceso, consultorio, ba\u00f1os, \u00e1rea de alimentos, terrazas y andadores.<\/p>\n<p>En el caso del parque ecol\u00f3gico interactivo, ofrece un aviario, un mariposario y una granja did\u00e1ctica con  animales miniatura, como borregos, pollos, cerdos, conejos y dem\u00e1s especies dom\u00e9sticas, para que las ni\u00f1as y ni\u00f1os puedan tocarlos y aprender sobre ellos.<\/p>\n<p>Ante el presidente del Consejo Coordinador Empresarial (CCE), Carlos Campos Achach, el funcionario indic\u00f3 que el recinto ferial tiene autorizada una Unidad de Manejo Ambiental (UMA), la cual permite contar con un espacio para albergar aves terrestres y acu\u00e1ticas que estar\u00e1n bajo la supervisi\u00f3n de la delegaci\u00f3n de la Secretar\u00eda de Medio Ambiente y Recursos Naturales (Semarnat).<\/p>\n<p>\u201cEl parque que se prev\u00e9 est\u00e9 listo en seis semanas aproximadamente, trabajar\u00e1 independientemente de la \u00e9poca de feria. Estar\u00e1 abierto al public\u00f3 los fines de semana, periodos vacacionales y de martes a domingo para visitas programadas, en horario de 10 de la ma\u00f1ana a seis de la tarde. El precio se dar\u00e1 a conocer en breve, pero ser\u00e1 el mismo para los dos parques, es decir un boleto para ambos\u201d, puntualiz\u00f3.<\/p>\n<p>Acompa\u00f1ado de Rolando Rosales Ram\u00edrez, representante del Grupo Modelo, el titular del Poder Ejecutivo visit\u00f3 el \u00e1rea de toboganes, que consiste en estructuras galvanizadas para que no tengan \u00f3xido y siempre est\u00e9n en buen estado.  Estas atracciones, que van de los 12 a los 16 metros de altura, son de inyecci\u00f3n y libres de mantenimiento.<\/p>\n<p>Los sistemas de agua que se utilizar\u00e1n para las piscinas son de \u00faltima generaci\u00f3n, por lo que se garantiza la calidad y limpieza constante del vital l\u00edquido.<\/p>\n<p>Previamente, Zapata Bello recorri\u00f3 el parque ecol\u00f3gico e interactivo, el cual &nbsp;tendr\u00e1 en exhibici\u00f3n a diferentes aves de la regi\u00f3n. A la fecha, ya se tiene en donaci\u00f3n cuatro guacamayas, dos provenientes de Xcaret y dos de Mazatl\u00e1n.  Ah\u00ed, tambi\u00e9n estar\u00e1 el laboratorio para la reproducci\u00f3n de mariposas, que tendr\u00e1 arriba de 19 especies end\u00e9micas del territorio y de otros estados. Este espacio contar\u00e1 con una poblaci\u00f3n inicial de  mil 200 ejemplares.<\/p>\n<p>Por otra parte, los visitantes tendr\u00e1n la oportunidad de convivir con animales miniatura que forman parte del parque interactivo, como la cabra africana, burritos sicilianos, mini cerdos, mini ponys, mini toys, apalusas, falabellas, mulitas, mulas grandes, as\u00ed como gallos aztecas, borregos de cuatro cuernos y una pareja de llamas grandes.<\/p><\/p>\n","protected":false},"excerpt":{"rendered":"<p>El nuevo complejo estar\u00e1 disponible al p\u00fablico a fines de octubre pr\u00f3ximo.<\/p>\n","protected":false},"author":1018,"featured_media":0,"comment_status":"open","ping_status":"open","sticky":false,"template":"","format":"standard","meta":{"tdm_status":"","tdm_grid_status":"","footnotes":""},"categories":[21],"tags":[],"_links":{"self":[{"href":"https:\/\/dralvarez.com.mx\/larevista\/wp-json\/wp\/v2\/posts\/57891"}],"collection":[{"href":"https:\/\/dralvarez.com.mx\/larevista\/wp-json\/wp\/v2\/posts"}],"about":[{"href":"https:\/\/dralvarez.com.mx\/larevista\/wp-json\/wp\/v2\/types\/post"}],"author":[{"embeddable":true,"href":"https:\/\/dralvarez.com.mx\/larevista\/wp-json\/wp\/v2\/users\/1018"}],"replies":[{"embeddable":true,"href":"https:\/\/dralvarez.com.mx\/larevista\/wp-json\/wp\/v2\/comments?post=57891"}],"version-history":[{"count":0,"href":"https:\/\/dralvarez.com.mx\/larevista\/wp-json\/wp\/v2\/posts\/57891\/revisions"}],"wp:attachment":[{"href":"https:\/\/dralvarez.com.mx\/larevista\/wp-json\/wp\/v2\/media?parent=57891"}],"wp:term":[{"taxonomy":"category","embeddable":true,"href":"https:\/\/dralvarez.com.mx\/larevista\/wp-json\/wp\/v2\/categories?post=57891"},{"taxonomy":"post_tag","embeddable":true,"href":"https:\/\/dralvarez.com.mx\/larevista\/wp-json\/wp\/v2\/tags?post=57891"}],"curies":[{"name":"wp","href":"https:\/\/api.w.org\/{rel}","templated":true}]}}