{"id":57889,"date":"2017-09-19T00:00:00","date_gmt":"2017-09-19T06:00:00","guid":{"rendered":"https:\/\/dralvarez.com.mx\/larevista\/blog\/asiste-rodriguez-asaf-a-sesion-solemne-de-cabildo-17464"},"modified":"2017-09-19T00:00:00","modified_gmt":"2017-09-19T06:00:00","slug":"asiste-rodriguez-asaf-a-sesion-solemne-de-cabildo-17464","status":"publish","type":"post","link":"https:\/\/dralvarez.com.mx\/larevista\/yucatan\/asiste-rodriguez-asaf-a-sesion-solemne-de-cabildo-17464","title":{"rendered":"Asiste Rodr\u00edguez Asaf a sesi\u00f3n solemne de Cabildo"},"content":{"rendered":"<\/p>\n<div>En representaci\u00f3n del titular del Poder Ejecutivo, Rolando Zapata Bello, el secretario General de Gobierno, Roberto Rodr\u00edguez Asaf, asisti\u00f3 a la sesi\u00f3n solemne del Cabildo del Ayuntamiento de M\u00e9rida, con motivo del 207 aniversario del inicio de la lucha de Independencia.<\/div>\n<div><\/div>\n<div>Ante el alcalde Mauricio Vila Dosal y representantes del Congreso local, as\u00ed como del Tribunal Superior de Justicia del Estado, el escritor Luis P\u00e9rez Sabido fungi\u00f3 como el orador hu\u00e9sped de la ceremonia, en la que asegur\u00f3 la importancia de retomar nuestras ra\u00edces para dar a la patria paz y amor.<\/div>\n<p><\/p>\n","protected":false},"excerpt":{"rendered":"<p>En representaci\u00f3n del titular del Poder Ejecutivo, Rolando Zapata Bello, el secretario General de Gobierno, Roberto Rodr\u00edguez Asaf, asisti\u00f3 a la sesi\u00f3<\/p>\n","protected":false},"author":1018,"featured_media":0,"comment_status":"open","ping_status":"open","sticky":false,"template":"","format":"standard","meta":{"tdm_status":"","tdm_grid_status":"","footnotes":""},"categories":[21],"tags":[],"_links":{"self":[{"href":"https:\/\/dralvarez.com.mx\/larevista\/wp-json\/wp\/v2\/posts\/57889"}],"collection":[{"href":"https:\/\/dralvarez.com.mx\/larevista\/wp-json\/wp\/v2\/posts"}],"about":[{"href":"https:\/\/dralvarez.com.mx\/larevista\/wp-json\/wp\/v2\/types\/post"}],"author":[{"embeddable":true,"href":"https:\/\/dralvarez.com.mx\/larevista\/wp-json\/wp\/v2\/users\/1018"}],"replies":[{"embeddable":true,"href":"https:\/\/dralvarez.com.mx\/larevista\/wp-json\/wp\/v2\/comments?post=57889"}],"version-history":[{"count":0,"href":"https:\/\/dralvarez.com.mx\/larevista\/wp-json\/wp\/v2\/posts\/57889\/revisions"}],"wp:attachment":[{"href":"https:\/\/dralvarez.com.mx\/larevista\/wp-json\/wp\/v2\/media?parent=57889"}],"wp:term":[{"taxonomy":"category","embeddable":true,"href":"https:\/\/dralvarez.com.mx\/larevista\/wp-json\/wp\/v2\/categories?post=57889"},{"taxonomy":"post_tag","embeddable":true,"href":"https:\/\/dralvarez.com.mx\/larevista\/wp-json\/wp\/v2\/tags?post=57889"}],"curies":[{"name":"wp","href":"https:\/\/api.w.org\/{rel}","templated":true}]}}