{"id":57882,"date":"2017-09-18T00:00:00","date_gmt":"2017-09-18T06:00:00","guid":{"rendered":"https:\/\/dralvarez.com.mx\/larevista\/blog\/afianzan-el-futuro-de-190-mil-estudiantes-17457"},"modified":"2017-09-18T00:00:00","modified_gmt":"2017-09-18T06:00:00","slug":"afianzan-el-futuro-de-190-mil-estudiantes-17457","status":"publish","type":"post","link":"https:\/\/dralvarez.com.mx\/larevista\/yucatan\/afianzan-el-futuro-de-190-mil-estudiantes-17457","title":{"rendered":"Afianzan el futuro de 190 mil estudiantes"},"content":{"rendered":"<\/p>\n<p>En Yucat\u00e1n, m\u00e1s de 190 mil estudiantes ser\u00e1n becados en este ciclo escolar. En ese marco, el titular de la Secretar\u00eda de Educaci\u00f3n (Segey), V\u00edctor Caballero Dur\u00e1n, acudi\u00f3 a la entrega de 240 apoyos de transporte para j\u00f3venes universitarios de Izamal.<\/p>\n<p>Cada lunes, Zacil Maldonado Santiago sale de su casa en el referido municipio a las cinco de la ma\u00f1ana para poder llegar a tiempo a la Universidad Tecnol\u00f3gica de Conkal. Ahora, al igual que otros 239 alumnos de esa demarcaci\u00f3n, que est\u00e1n inscritos en instituciones ubicadas en M\u00e9rida, Valladolid, Motul e incluso en Campeche, tiene el respaldo que necesita para continuar con su formaci\u00f3n.<\/p>\n<p>Zacil es la mayor de sus hermanos y en su familia es la primera en estudiar una carrera universitaria. Su pap\u00e1 es alba\u00f1il y el apoyo econ\u00f3mico que recibe le permite acercarse cada vez m\u00e1s a su meta.<\/p>\n<p>Caballero Dur\u00e1n mencion\u00f3 que este est\u00edmulo a los j\u00f3venes del nivel superior es importante, pues se trata de la formaci\u00f3n del capital humano que contribuye para fortalecer la econom\u00eda del estado.<\/p>\n<p>\u201cEl futuro se va construyendo todos los d\u00edas. Ustedes ya est\u00e1n por encima de los nueve a\u00f1os promedio de escolaridad que hay en el estado y son quienes se est\u00e1n preparando en distintas ramas que conforman el nuevo modelo econ\u00f3mico en Yucat\u00e1n\u201d, puntualiz\u00f3.<\/p>\n<p>Tambi\u00e9n, reiter\u00f3 que para este per\u00edodo escolar se han destinado m\u00e1s de 190 mil becas, de las cuales 22 mil son para universitarios, lo que quiere decir que uno de cada tres de este nivel se ver\u00e1 favorecido con ese respaldo.<\/p>\n<p>Por su parte, el alcalde de Izamal, Warnel May Escobar, precis\u00f3 que en este ciclo se entregan 120 becas m\u00e1s que el anterior.<\/p>\n<p>Todos los estudiantes que radican en Yucat\u00e1n pueden obtener un apoyo econ\u00f3mico, ya que las convocatorias est\u00e1n a su disposici\u00f3n a trav\u00e9s de la p\u00e1gina electr\u00f3nica <a target=\"_blank\" rel=\"nofollow noopener\" href=\"http:\/\/www.temporadadebecas.com\">http:\/\/www.temporadadebecas.com<\/a>.<\/p>\n<p><\/p>\n","protected":false},"excerpt":{"rendered":"<p>Caballero Dur\u00e1n mencion\u00f3 que este est\u00edmulo a los j\u00f3venes del nivel superior es importante.<\/p>\n","protected":false},"author":1018,"featured_media":0,"comment_status":"open","ping_status":"open","sticky":false,"template":"","format":"standard","meta":{"tdm_status":"","tdm_grid_status":"","footnotes":""},"categories":[21],"tags":[],"_links":{"self":[{"href":"https:\/\/dralvarez.com.mx\/larevista\/wp-json\/wp\/v2\/posts\/57882"}],"collection":[{"href":"https:\/\/dralvarez.com.mx\/larevista\/wp-json\/wp\/v2\/posts"}],"about":[{"href":"https:\/\/dralvarez.com.mx\/larevista\/wp-json\/wp\/v2\/types\/post"}],"author":[{"embeddable":true,"href":"https:\/\/dralvarez.com.mx\/larevista\/wp-json\/wp\/v2\/users\/1018"}],"replies":[{"embeddable":true,"href":"https:\/\/dralvarez.com.mx\/larevista\/wp-json\/wp\/v2\/comments?post=57882"}],"version-history":[{"count":0,"href":"https:\/\/dralvarez.com.mx\/larevista\/wp-json\/wp\/v2\/posts\/57882\/revisions"}],"wp:attachment":[{"href":"https:\/\/dralvarez.com.mx\/larevista\/wp-json\/wp\/v2\/media?parent=57882"}],"wp:term":[{"taxonomy":"category","embeddable":true,"href":"https:\/\/dralvarez.com.mx\/larevista\/wp-json\/wp\/v2\/categories?post=57882"},{"taxonomy":"post_tag","embeddable":true,"href":"https:\/\/dralvarez.com.mx\/larevista\/wp-json\/wp\/v2\/tags?post=57882"}],"curies":[{"name":"wp","href":"https:\/\/api.w.org\/{rel}","templated":true}]}}