{"id":57880,"date":"2017-09-18T00:00:00","date_gmt":"2017-09-18T06:00:00","guid":{"rendered":"https:\/\/dralvarez.com.mx\/larevista\/blog\/municipios-yucatecos-se-regularizan-en-el-pago-de-sus-derechos-por-uso-de-agua-y-descargas-residuales-17455"},"modified":"2017-09-18T00:00:00","modified_gmt":"2017-09-18T06:00:00","slug":"municipios-yucatecos-se-regularizan-en-el-pago-de-sus-derechos-por-uso-de-agua-y-descargas-residuales-17455","status":"publish","type":"post","link":"https:\/\/dralvarez.com.mx\/larevista\/yucatan\/municipios-yucatecos-se-regularizan-en-el-pago-de-sus-derechos-por-uso-de-agua-y-descargas-residuales-17455","title":{"rendered":"Municipios yucatecos se regularizan en el pago de sus derechos por uso de agua y descargas residuales"},"content":{"rendered":"<\/p>\n<p>A trav\u00e9s del programa para la regularizaci\u00f3n del pago de derechos por el uso del agua y descarga de aguas residuales, un total de 46 municipios yucatecos se han puesto al d\u00eda en sus pagos y han aportado recursos por 26.3 millones de pesos, inform\u00f3 el Director General del Organismo de Cuenca Pen\u00ednsula de Yucat\u00e1n (OCPY) de la Comisi\u00f3n Nacional del Agua (Conagua), Ignacio Mendicuti Priego.<\/p>\n<\/p>\n<p>\u201cLa importancia de que los municipios est\u00e9n al corriente en sus contribuciones radica en que podr\u00e1n ser aptos para los diversos programas de la Conagua, especialmente en materia de ampliaci\u00f3n, mejora o rehabilitaci\u00f3n de sus sistemas de agua potable, as\u00ed como para la construcci\u00f3n de sanitarios ecol\u00f3gicos\u201d, destac\u00f3 el funcionario federal.<\/p>\n<\/p>\n<p>Record\u00f3 que en agosto de 2014 se public\u00f3 en el Diario Oficial de la Federaci\u00f3n un acuerdo por el que se emit\u00edan las reglas para la aplicaci\u00f3n del Programa de Regularizaci\u00f3n del Pago de Derechos y Aprovechamiento de Agua y Derechos por Descargas de Aguas Residuales para los Municipios y Organismos Operadores.<\/p>\n<\/p>\n<p>\u201cA trav\u00e9s de este programa 46 municipios yucatecos han podido regularizar sus pagos, lo que adem\u00e1s les permite ser sujetos a devoluci\u00f3n mediante el Programa de Devoluci\u00f3n de Derechos\u201d, asegur\u00f3 Mendicuti Priego.<\/p>\n<\/p>\n<p>Los municipios incorporados son Acanceh, Akil, Baca, Buctzotz, Cacalch\u00e9n, Cansahcab, Celest\u00fan, Chacsink\u00edn, Chemax, Chichimil\u00e1, Chumayel, Conkal, Cuzam\u00e1, Dzemul, Dzidzant\u00fan, Dzilam Gonz\u00e1lez, Dzit\u00e1s, Halach\u00f3, Hom\u00fan, Hunucm\u00e1, Ixil, Izamal, Kanas\u00edn, Kantunil, Mama, Man\u00ed, Panab\u00e1, Progreso, Sey\u00e9, Teabo, Tecoh, Tekant\u00f3, Tekom, Telchac Pueblo, Temax, Temoz\u00f3n, Tetiz, Ticul, Tinum, Tixkokob, Tixp\u00e9hual, Tizim\u00edn, Um\u00e1n, Valladolid y Xocchel.<\/p>\n<p><\/p>\n","protected":false},"excerpt":{"rendered":"<p>46 municipios yucatecos han podido regularizar sus pagos, lo que adem\u00e1s les permite ser sujetos a devoluci\u00f3n mediante el Programa de Devoluci\u00f3n de Der<\/p>\n","protected":false},"author":1018,"featured_media":0,"comment_status":"open","ping_status":"open","sticky":false,"template":"","format":"standard","meta":{"tdm_status":"","tdm_grid_status":"","footnotes":""},"categories":[21],"tags":[],"_links":{"self":[{"href":"https:\/\/dralvarez.com.mx\/larevista\/wp-json\/wp\/v2\/posts\/57880"}],"collection":[{"href":"https:\/\/dralvarez.com.mx\/larevista\/wp-json\/wp\/v2\/posts"}],"about":[{"href":"https:\/\/dralvarez.com.mx\/larevista\/wp-json\/wp\/v2\/types\/post"}],"author":[{"embeddable":true,"href":"https:\/\/dralvarez.com.mx\/larevista\/wp-json\/wp\/v2\/users\/1018"}],"replies":[{"embeddable":true,"href":"https:\/\/dralvarez.com.mx\/larevista\/wp-json\/wp\/v2\/comments?post=57880"}],"version-history":[{"count":0,"href":"https:\/\/dralvarez.com.mx\/larevista\/wp-json\/wp\/v2\/posts\/57880\/revisions"}],"wp:attachment":[{"href":"https:\/\/dralvarez.com.mx\/larevista\/wp-json\/wp\/v2\/media?parent=57880"}],"wp:term":[{"taxonomy":"category","embeddable":true,"href":"https:\/\/dralvarez.com.mx\/larevista\/wp-json\/wp\/v2\/categories?post=57880"},{"taxonomy":"post_tag","embeddable":true,"href":"https:\/\/dralvarez.com.mx\/larevista\/wp-json\/wp\/v2\/tags?post=57880"}],"curies":[{"name":"wp","href":"https:\/\/api.w.org\/{rel}","templated":true}]}}