{"id":57873,"date":"2017-09-18T00:00:00","date_gmt":"2017-09-18T06:00:00","guid":{"rendered":"https:\/\/dralvarez.com.mx\/larevista\/blog\/excelente-respuesta-de-los-meridanos-a-la-exhibicion-de-dinosaurios-animatronics-17448"},"modified":"2017-09-18T00:00:00","modified_gmt":"2017-09-18T06:00:00","slug":"excelente-respuesta-de-los-meridanos-a-la-exhibicion-de-dinosaurios-animatronics-17448","status":"publish","type":"post","link":"https:\/\/dralvarez.com.mx\/larevista\/yucatan\/excelente-respuesta-de-los-meridanos-a-la-exhibicion-de-dinosaurios-animatronics-17448","title":{"rendered":"Excelente respuesta de los meridanos a la exhibici\u00f3n de Dinosaurios Animatronics"},"content":{"rendered":"<\/p>\n<p>Excelente ha sido la respuesta de los meridanos a la exhibici\u00f3n de Dinosaurios Animatronics que el Ayuntamiento instal\u00f3 en la explanada del Parque de la Paz y prueba de ello es que en los primeros cinco d\u00edas de la muestra, de martes a s\u00e1bado, disfrutaron el espect\u00e1culo 17,000 personas y hoy se esperaba el ingreso de 5,000 m\u00e1s, inform\u00f3 Abril Ferreyro Rosado, secretaria ejecutiva del Comit\u00e9 Permanente del Carnaval.<\/p>\n<\/p>\n<p>A la muestra acuden adultos, j\u00f3venes y ni\u00f1os, pero el n\u00famero de \u00e9stos \u00faltimos se destaca, ya que por las ma\u00f1anas acuden en visita grupos escolares. Del martes 12 a viernes 15, se atendi\u00f3 a 20 grupos escolares, es decir, 5 escuelas por d\u00eda.<\/p>\n<\/p>\n<p>Fueron poco m\u00e1s de 600 ni\u00f1os los que llegaron en las visitas escolares de esos primeros d\u00edas, indic\u00f3 Abril Ferreyro.<\/p>\n<\/p>\n<p>Expresiones de alegr\u00eda se observan en las personas que salen de la muestra, pues como coment\u00f3 una de las madres de familia en el lugar, los ni\u00f1os se divierten, se asombran, juegan y aprenden.<\/p>\n<\/p>\n<p>Aun cuando el elevado n\u00famero de asistentes hace que se formen largas filas, el ingreso es \u00e1gil y la espera, como afirman los visitantes, bien vale la pena.<\/p>\n<\/p>\n<p>Adem\u00e1s de los 24 dinosaurios robotizados que se exhiben en las ocho salas de la carpa climatizada, los visitantes pueden disfrutar de grandes atractivos como el cine 3D alusivo al Parque Jur\u00e1sico.<\/p>\n<\/p>\n<p>Las r\u00e9plicas detalladas del Tyrannosaurius Rex, de 13 metros de largo, y el Parasaurolophus, de 26 metros, figuran entre las que m\u00e1s llaman la atenci\u00f3n y despiertan la admiraci\u00f3n, especialmente de los ni\u00f1os.<\/p>\n<\/p>\n<p>Las figuras atraen por el realismo de sus movimientos y los sonidos ambientales que forman parte de la muestra.<\/p>\n<\/p>\n<p>En lo que lleva la exhibici\u00f3n, familias enteras, desde abuelos hasta nietos peque\u00f1os, acuden para disfrutar el espect\u00e1culo de entretenimiento educativo.<\/p>\n<\/p>\n<p>La entrada se realiza en grupos de 60 personas con intervalos de 10 minutos. En el interior, los gu\u00edas auxiliados con un meg\u00e1fono, ofrecen explicaciones y an\u00e9cdotas de la \u00e9poca en que los dinosaurios habitaban el planeta.<\/p>\n<\/p>\n<p>Cabe destacar que la exhibici\u00f3n se ha presentado en otros lugares del pa\u00eds, pero con ingreso pagado y en M\u00e9rida es gratuito gracias a diversas gestiones que realiz\u00f3 el Ayuntamiento, cuyo objetivo es continuar promoviendo espacios de convivencia familiar.<\/p>\n<\/p>\n<p>Abril Ferreyro coment\u00f3 que entre las actividades favoritas de los m\u00e1s peque\u00f1os est\u00e1 el arenero, donde los ni\u00f1os pueden encontrar f\u00f3siles y adem\u00e1s reciben una plantilla para actividades como las que realizan los paleont\u00f3logos en las grandes excavaciones en busca de f\u00f3siles prehist\u00f3rico.<\/p>\n<\/p>\n<p>Adem\u00e1s, agreg\u00f3, en el laboratorio de f\u00f3siles los ni\u00f1os reciben una pieza de yeso en forma de dinosaurio, que pueden pintar con acuarelas.<\/p>\n<\/p>\n<p>\u2014Tambi\u00e9n les encanta la incubadora con un beb\u00e9 dinosaurio con sensores de movimiento, sonido y t\u00e1ctiles, ya que los peque\u00f1os gritan, aplauden y tocan las figuras, lo que genera los movimientos \u2014expres\u00f3.<\/p>\n<\/p>\n<p>Indic\u00f3 que en lo que va de la muestra el s\u00e1bado fue el d\u00eda con mayor n\u00famero de visitantes: 5,000 personas, y se esperaba que la cifra aumentara hoy domingo, cuando desde temprana hora cientos de familias acudieron a esperar el inicio de las visitas.<\/p>\n<p>Los horarios de visita son todos los d\u00edas de 10 a 8 de la noche y las visitas escolares entre 10 y 1 de la tarde, el acceso es para grupos de 60 personas como m\u00e1ximo en intervalos de 10 minutos. Los interesados en agendar una visita escolar pueden comunicarse a los tel\u00e9fonos 9244000 de Ayuntatel, o bien al 942000, extensi\u00f3n 81170, de la Direcci\u00f3n de Desarrollo Humano, departamento de Apoyos Educativos, a cargo de Magaly Cruz Nucamendi, de 8 de la ma\u00f1ana a 3 de la tarde.<\/p>\n<p><\/p>\n","protected":false},"excerpt":{"rendered":"<p>El Ayuntamiento contin\u00faa la promoci\u00f3n de espacios de convivencia familiar.<\/p>\n","protected":false},"author":1018,"featured_media":0,"comment_status":"open","ping_status":"open","sticky":false,"template":"","format":"standard","meta":{"tdm_status":"","tdm_grid_status":"","footnotes":""},"categories":[21],"tags":[],"_links":{"self":[{"href":"https:\/\/dralvarez.com.mx\/larevista\/wp-json\/wp\/v2\/posts\/57873"}],"collection":[{"href":"https:\/\/dralvarez.com.mx\/larevista\/wp-json\/wp\/v2\/posts"}],"about":[{"href":"https:\/\/dralvarez.com.mx\/larevista\/wp-json\/wp\/v2\/types\/post"}],"author":[{"embeddable":true,"href":"https:\/\/dralvarez.com.mx\/larevista\/wp-json\/wp\/v2\/users\/1018"}],"replies":[{"embeddable":true,"href":"https:\/\/dralvarez.com.mx\/larevista\/wp-json\/wp\/v2\/comments?post=57873"}],"version-history":[{"count":0,"href":"https:\/\/dralvarez.com.mx\/larevista\/wp-json\/wp\/v2\/posts\/57873\/revisions"}],"wp:attachment":[{"href":"https:\/\/dralvarez.com.mx\/larevista\/wp-json\/wp\/v2\/media?parent=57873"}],"wp:term":[{"taxonomy":"category","embeddable":true,"href":"https:\/\/dralvarez.com.mx\/larevista\/wp-json\/wp\/v2\/categories?post=57873"},{"taxonomy":"post_tag","embeddable":true,"href":"https:\/\/dralvarez.com.mx\/larevista\/wp-json\/wp\/v2\/tags?post=57873"}],"curies":[{"name":"wp","href":"https:\/\/api.w.org\/{rel}","templated":true}]}}