{"id":57871,"date":"2017-09-18T00:00:00","date_gmt":"2017-09-18T06:00:00","guid":{"rendered":"https:\/\/dralvarez.com.mx\/larevista\/blog\/renan-barrera-llevara-la-propuesta-de-especializar-la-atencion-en-salud-a-los-adultos-mayores-17446"},"modified":"2017-09-18T00:00:00","modified_gmt":"2017-09-18T06:00:00","slug":"renan-barrera-llevara-la-propuesta-de-especializar-la-atencion-en-salud-a-los-adultos-mayores-17446","status":"publish","type":"post","link":"https:\/\/dralvarez.com.mx\/larevista\/yucatan\/renan-barrera-llevara-la-propuesta-de-especializar-la-atencion-en-salud-a-los-adultos-mayores-17446","title":{"rendered":"Ren\u00e1n Barrera llevar\u00e1 la propuesta de especializar la atenci\u00f3n en salud a los adultos mayores"},"content":{"rendered":"<\/p>\n<p>Como parte del impulso a la plataforma Pensemos Yucat\u00e1n con miras a integrar a todos los sectores sociales de la entidad, el coordinador Nacional de Alcaldes del Partido Acci\u00f3n Nacional (PAN), Ren\u00e1n Barrera Concha, se reuni\u00f3 con los jubilados y pensionados yucatecos para escuchar sus propuestas para cambiar la realidad de los trabajadores.<\/p>\n<\/p>\n<p>Reunidos en el Bazar Garc\u00eda Rej\u00f3n, los jubilados y pensionados externaron sus preocupaciones sobre varios temas del rubro de la infraestructura y especializaci\u00f3n del sector salud para brindarle una atenci\u00f3n adecuada, mejores esquemas laborales que garanticen un retiro digno as\u00ed como la necesidad de implementar programas sociales enfocados en apoyar a ese sector de la sociedad, mismos que se plasmaran en la plataforma &#8220;Pensemos Yucat\u00e1n .org&#8221;<\/p>\n<\/p>\n<p>Al respecto, Barrera Concha escucho y dialog\u00f3 con ellos sobre la importancia de ir sumando esos puntos de vista y la urgencia de crear canales de di\u00e1logo adecuados para integrar sus inquietudes en las plataformas pol\u00edticas, con una serie de acciones concretas que garanticen que sean atendidos por especialistas en salud as\u00ed como implementar programas que permitan mejorar la calidad de vida a estos trabajadores yucatecos que tanto aportaron al crecimiento de nuestro Estado.<\/p>\n<\/p>\n<p>Finalmente, los jubilados y pensionados felicitaron la iniciativa que el ex alcalde de M\u00e9rida tuvo de crear canales de di\u00e1logo que le permitan conocer con mayor detalle la realidad y, bas\u00e1ndose en las necesidades reales de las personas, comenzar a trazar un proyecto que en verdad traer\u00e1 un beneficio a la poblaci\u00f3n.<\/p>\n<p><\/p>\n","protected":false},"excerpt":{"rendered":"<p>Ren\u00e1n Barrera Concha, se reuni\u00f3 con los jubilados y pensionados yucatecos para escuchar sus propuestas para cambiar la realidad de los trabajadores.<\/p>\n","protected":false},"author":1018,"featured_media":0,"comment_status":"open","ping_status":"open","sticky":false,"template":"","format":"standard","meta":{"tdm_status":"","tdm_grid_status":"","footnotes":""},"categories":[21],"tags":[],"_links":{"self":[{"href":"https:\/\/dralvarez.com.mx\/larevista\/wp-json\/wp\/v2\/posts\/57871"}],"collection":[{"href":"https:\/\/dralvarez.com.mx\/larevista\/wp-json\/wp\/v2\/posts"}],"about":[{"href":"https:\/\/dralvarez.com.mx\/larevista\/wp-json\/wp\/v2\/types\/post"}],"author":[{"embeddable":true,"href":"https:\/\/dralvarez.com.mx\/larevista\/wp-json\/wp\/v2\/users\/1018"}],"replies":[{"embeddable":true,"href":"https:\/\/dralvarez.com.mx\/larevista\/wp-json\/wp\/v2\/comments?post=57871"}],"version-history":[{"count":0,"href":"https:\/\/dralvarez.com.mx\/larevista\/wp-json\/wp\/v2\/posts\/57871\/revisions"}],"wp:attachment":[{"href":"https:\/\/dralvarez.com.mx\/larevista\/wp-json\/wp\/v2\/media?parent=57871"}],"wp:term":[{"taxonomy":"category","embeddable":true,"href":"https:\/\/dralvarez.com.mx\/larevista\/wp-json\/wp\/v2\/categories?post=57871"},{"taxonomy":"post_tag","embeddable":true,"href":"https:\/\/dralvarez.com.mx\/larevista\/wp-json\/wp\/v2\/tags?post=57871"}],"curies":[{"name":"wp","href":"https:\/\/api.w.org\/{rel}","templated":true}]}}