{"id":57869,"date":"2017-09-18T00:00:00","date_gmt":"2017-09-18T06:00:00","guid":{"rendered":"https:\/\/dralvarez.com.mx\/larevista\/blog\/reconoce-canadevi-transparencia-del-ayuntamiento-de-merida-17444"},"modified":"2017-09-18T00:00:00","modified_gmt":"2017-09-18T06:00:00","slug":"reconoce-canadevi-transparencia-del-ayuntamiento-de-merida-17444","status":"publish","type":"post","link":"https:\/\/dralvarez.com.mx\/larevista\/yucatan\/reconoce-canadevi-transparencia-del-ayuntamiento-de-merida-17444","title":{"rendered":"Reconoce Canadevi transparencia del Ayuntamiento de M\u00e9rida"},"content":{"rendered":"<\/p>\n<p>Representantes de la C\u00e1mara Nacional de Vivienda (Canadevi) consideraron muy positivo el avance de M\u00e9rida en el manejo transparente de recursos p\u00fablicos y el acercamiento del alcalde, Mauricio Vila Dosal, a los diferentes sectores de la sociedad para exponer lo realizado hasta ahora en su administraci\u00f3n y escuchar inquietudes y propuestas para seguir mejorando.<\/p>\n<\/p>\n<p>Luego de una reuni\u00f3n con socios de la Canadevi, en la que el presidente municipal deslgos\u00f3 avances del programa de infraestructura y desarrollo social que realiza el Ayuntamiento con una inversi\u00f3n hist\u00f3rica de mil millones de pesos, el presidente nacional de Canadevi, Carlos Medina Rodr\u00edguez calific\u00f3 de excelente este ejercicio municipal de llevar n\u00fameros y acciones a las c\u00e1maras.<\/p>\n<\/p>\n<p>\u2014Es muy interesante que sea el propio alcalde quien se acerque a la sociedad especializada en alg\u00fan tema, en este caso la vivienda, para darnos a conocer de viva voz todo lo que se hace en \u00e9ste y otros \u00e1mbitos, adem\u00e1s de que podamos presentarle nuestras dudas e inquietudes \u2014puntualiz\u00f3.<\/p>\n<\/p>\n<p>Se\u00f1al\u00f3 que habla muy bien del trabajo municipal de Mauricio Vila la calificaci\u00f3n otorgada por el IMCO, que puso a M\u00e9rida en primer lugar de transparencia y que \u00e9ste primer lugar lo alcanz\u00f3 luego de estar en el n\u00famero 97 en 2015.<\/p>\n<\/p>\n<p>A su vez, Armando Valencia Castillo, presidente de Canadevi Yucat\u00e1n, dijo que el ejercicio de informaci\u00f3n que realiza el alcalde Mauricio Vila es muy oportuno para dar a todos los sectores de la sociedad el contexto del trabajo municipal.<\/p>\n<p>\u2014Ha sido muy alentador ver los avances que ha tenido en cuanto a transparencia y nos impresiona gratamente que seamos uno de los municipios con esas calificaciones y ese avance \u2014abund\u00f3.<\/p>\n<\/p>\n<p>En su intervenci\u00f3n, el alcalde destac\u00f3 que la disciplina, eficiencia y transparencia en el manejo de los recursos municipales es la base de las finanzas sanas que permiten al Ayuntamiento realizar un programa de acciones de infraestructura y desarrollo social con una inversi\u00f3n hist\u00f3rica de mil millones para este a\u00f1o.<\/p>\n<\/p>\n<p>El alcalde enfatiz\u00f3 que la confianza ciudadana juega un papel determinante en las finanzas y agreg\u00f3 que en los seis primeros meses del a\u00f1o se logr\u00f3 recaudar el 51% de lo proyectado para 2017.<\/p>\n<\/p>\n<p>En la reuni\u00f3n con directivos de la Canadevi, que se suma a la que anteriormente tuvo con integrantes del Coparmex en la s\u00e9ptima sesi\u00f3n del Consejo Consultivo de Presupuesto y Ejercicio del Gasto, el presidente municipal present\u00f3 un video con los avances en la inversi\u00f3n del programa de obras de infraestructura y desarrollo social.<\/p>\n<\/p>\n<p>Adem\u00e1s, el director de Finanzas y tesorero municipal, Juan Carlos Rosel Flores, hizo una presentaci\u00f3n sobre el estado de las finanzas y el director de Obras P\u00fablicas, Virgilio Crespo M\u00e9ndez, de los trabajos realizados y por realizar para este a\u00f1o.<\/p>\n<\/p>\n<p>En su mensaje, Vila Dosal record\u00f3 que desde el principio de su administraci\u00f3n puso en marcha acciones para sanear las finanzas, a fin de contar con m\u00e1s recursos para obras p\u00fablicas.<\/p>\n<\/p>\n<p>Indic\u00f3 que en 2015 el gasto corriente, que est\u00e1 compuesto por los Servicios Personales, Materiales y Suministros y Servicios Generales, absorb\u00eda el 71% del total del presupuesto y ahora se ha reducido al 59%.<\/p>\n<\/p>\n<p>Abund\u00f3 que en estos dos a\u00f1os de administraci\u00f3n se han sentado las bases para hacer de M\u00e9rida un municipio m\u00e1s incluyente, sustentable e innovador.<\/p>\n<\/p>\n<p>\u2014Hace unos d\u00edas presentamos el segundo informe de resultados del Ayuntamiento de M\u00e9rida 2015-2018 y en \u00e9l informamos los avances que ha tenido M\u00e9rida en dos a\u00f1os, que han sentado las bases para hacer un municipio m\u00e1s incluyente, sustentable e innovador \u2014abund\u00f3.<\/p>\n<\/p>\n<p>Destac\u00f3 el reconocimiento del IMCO como el primer lugar a nivel nacional en transparencia y tambi\u00e9n record\u00f3 que recientemente la Secretar\u00eda de Hacienda y Cr\u00e9dito P\u00fablico emiti\u00f3 un informe a la C\u00e1mara de Diputados en el que M\u00e9rida ocup\u00f3 el primer lugar nacional &#8211; con 80.1 puntos &#8211; en la implementaci\u00f3n del Presupuesto Base Resultados (PBR) y del Sistema de Evaluaci\u00f3n del Desempe\u00f1o (SED) con una gran diferencia respecto de los dem\u00e1s gobiernos municipales evaluados que en promedio tuvieron una calificaci\u00f3n de 26 puntos.<\/p>\n<\/p>\n<p>Explic\u00f3 que el Presupuesto Base Resultados mide el impacto que tiene el ejercicio del gasto p\u00fablico en la calidad de vida de los ciudadanos de un municipio. M\u00e9rida ocupaba el lugar n\u00famero 13 y ahora ya est\u00e1 en el primero.<\/p>\n<\/p>\n<p>Entre otras cosas, Vila Dosal manifest\u00f3 que su administraci\u00f3n trabaja con total apego a la ley en todos los procesos de licitaciones, adquisiciones y contrataci\u00f3n de obra p\u00fablica y servicios.<\/p>\n<\/p>\n<p>Cit\u00f3 como ejemplo que se han realizado ya 113 contratos de obra p\u00fablica, por m\u00e1s de 700 millones de pesos y de \u00e9stos el 98.44% ha sido a trav\u00e9s de licitaciones p\u00fablicas y s\u00f3lo el 1.56% por adjudicaci\u00f3n directa o invitaci\u00f3n a cuando menos tres personas.<\/p>\n<\/p>\n<p>\u2014Esto lo hemos hecho aun cuando la ley nos permitir\u00eda que fuera hasta un 20% la obra adjudicada de manera directa o por invitaci\u00f3n \u2014expres\u00f3.<\/p>\n<\/p>\n<p>Dio a conocer que los 113 contratos han sido para 98 diferentes contratistas, lo que demuestra que en su administraci\u00f3n no hay favoritismos, adem\u00e1s de que el 94% de las obras han sido para empresas yucatecas.<\/p>\n<\/p>\n<p>En la reuni\u00f3n, varios de los asistentes plantearon dudas sobre temas puntuales y tanto el alcalde como los funcionarios municipales que lo acompa\u00f1aron dieron respuestas claras a todos.<\/p>\n<p><\/p>\n","protected":false},"excerpt":{"rendered":"<p>El alcalde Mauricio Vila Dosal expone avances de la administraci\u00f3n a socios de esa c\u00e1mara.<\/p>\n","protected":false},"author":1018,"featured_media":0,"comment_status":"open","ping_status":"open","sticky":false,"template":"","format":"standard","meta":{"tdm_status":"","tdm_grid_status":"","footnotes":""},"categories":[21],"tags":[],"_links":{"self":[{"href":"https:\/\/dralvarez.com.mx\/larevista\/wp-json\/wp\/v2\/posts\/57869"}],"collection":[{"href":"https:\/\/dralvarez.com.mx\/larevista\/wp-json\/wp\/v2\/posts"}],"about":[{"href":"https:\/\/dralvarez.com.mx\/larevista\/wp-json\/wp\/v2\/types\/post"}],"author":[{"embeddable":true,"href":"https:\/\/dralvarez.com.mx\/larevista\/wp-json\/wp\/v2\/users\/1018"}],"replies":[{"embeddable":true,"href":"https:\/\/dralvarez.com.mx\/larevista\/wp-json\/wp\/v2\/comments?post=57869"}],"version-history":[{"count":0,"href":"https:\/\/dralvarez.com.mx\/larevista\/wp-json\/wp\/v2\/posts\/57869\/revisions"}],"wp:attachment":[{"href":"https:\/\/dralvarez.com.mx\/larevista\/wp-json\/wp\/v2\/media?parent=57869"}],"wp:term":[{"taxonomy":"category","embeddable":true,"href":"https:\/\/dralvarez.com.mx\/larevista\/wp-json\/wp\/v2\/categories?post=57869"},{"taxonomy":"post_tag","embeddable":true,"href":"https:\/\/dralvarez.com.mx\/larevista\/wp-json\/wp\/v2\/tags?post=57869"}],"curies":[{"name":"wp","href":"https:\/\/api.w.org\/{rel}","templated":true}]}}