{"id":57861,"date":"2017-09-18T00:00:00","date_gmt":"2017-09-18T06:00:00","guid":{"rendered":"https:\/\/dralvarez.com.mx\/larevista\/blog\/liborio-vidal-un-domingo-con-los-jovenes-17436"},"modified":"2017-09-18T00:00:00","modified_gmt":"2017-09-18T06:00:00","slug":"liborio-vidal-un-domingo-con-los-jovenes-17436","status":"publish","type":"post","link":"https:\/\/dralvarez.com.mx\/larevista\/yucatan\/liborio-vidal-un-domingo-con-los-jovenes-17436","title":{"rendered":"Liborio Vidal, un domingo con los j\u00f3venes"},"content":{"rendered":"<\/p>\n<p>Liborio Vidal Aguilar se reuni\u00f3 hoy con un grupo de j\u00f3venes universitarios con el prop\u00f3sito de hablar sobre los temas que son de inter\u00e9s para una juventud a la que le ha tocado vivir los cambios tecnol\u00f3gicos que marcan estos tiempos.<\/p>\n<\/p>\n<p>El #AmigoLibo ha logrado captar la atenci\u00f3n de este sector social a trav\u00e9s de las herramientas que utilizan: las redes sociales, y lo ha logrado no s\u00f3lo por el hecho de usarlas, sino por hablar el lenguaje y sobre los temas que les son de inter\u00e9s.<\/p>\n<\/p>\n<p>La primera muestra fue el Pok\u00e9torneo, una actividad en la que participaron alrededor de tres mil personas de todas las edades, que compart\u00edan el mismo inter\u00e9s por una aplicaci\u00f3n de tel\u00e9fono celular.<\/p>\n<\/p>\n<p>El \u00e9xito de esta convocatoria llev\u00f3 a buscar nuevas experiencias por medio de la Copa #AmigoLibo Primera Edici\u00f3n FIFA, de nuevo la respuesta fue excepcional y traz\u00f3 el camino que incluy\u00f3 dos siembras de libros, una en M\u00e9rida y otra en todo el Estado, flashmobs en recompensa a las buenas acciones espont\u00e1neas de la gente y otras m\u00e1s que han logrado que un numeroso grupo de j\u00f3venes est\u00e9 al pendiente.<\/p>\n<\/p>\n<p>\u201cEl p\u00fablico m\u00e1s dif\u00edcil son los j\u00f3venes, hay que ser muy creativos para captar su atenci\u00f3n. Bueno, ya lo hicimos tenemos su atenci\u00f3n y lo mejor de todo, a trav\u00e9s de diversas reuniones hemos logrado que hablen de lo que en realidad les importa. Es tiempo de profundizar en las ideas de la juventud\u201d, destac\u00f3 Liborio Vidal.<\/p>\n<\/p>\n<p>Desde su punto de vista es fundamental escuchar a la juventud y lograr compartir con ellos la experiencia adquirida y m\u00e1s a\u00fan, motivarlos a interesarse en lo que pasa en su familia, su colonia, su municipio, su Estado y el pa\u00eds.<\/p>\n<\/p>\n<p>Dos de los proyectos de Vidal Aguilar reflejan el \u00e9xito desde un punto m\u00e1s all\u00e1 de la capacidad de convocatoria: #DonoMiTiempo y la conferencia \u201cImagina y haz\u201d. El primero permite involucrar a la juventud en acciones que representan una mejor\u00eda en los espacios p\u00fablicos para las familias.<\/p>\n<\/p>\n<p>Por medio de \u201cImagina y haz\u201d, el #AmigoLibo abre un panorama al hablar de c\u00f3mo los obst\u00e1culos siempre estar\u00e1n ah\u00ed, lo importante es mantenerse en el camino, prepararse y seguir siempre hacia adelante.<\/p>\n<\/p>\n<p>Pr\u00f3ximamente habr\u00e1 m\u00e1s actividades que permitir\u00e1n a la juventud tener foros de expresi\u00f3n con expertos sobre los temas que les interesan, que han logrado destacar a nivel internacional.<\/p>\n<p><\/p>\n","protected":false},"excerpt":{"rendered":"<p>\u201cEs tiempo de profundizar en las ideas de la juventud\u201d.<\/p>\n","protected":false},"author":1018,"featured_media":0,"comment_status":"open","ping_status":"open","sticky":false,"template":"","format":"standard","meta":{"tdm_status":"","tdm_grid_status":"","footnotes":""},"categories":[21],"tags":[],"_links":{"self":[{"href":"https:\/\/dralvarez.com.mx\/larevista\/wp-json\/wp\/v2\/posts\/57861"}],"collection":[{"href":"https:\/\/dralvarez.com.mx\/larevista\/wp-json\/wp\/v2\/posts"}],"about":[{"href":"https:\/\/dralvarez.com.mx\/larevista\/wp-json\/wp\/v2\/types\/post"}],"author":[{"embeddable":true,"href":"https:\/\/dralvarez.com.mx\/larevista\/wp-json\/wp\/v2\/users\/1018"}],"replies":[{"embeddable":true,"href":"https:\/\/dralvarez.com.mx\/larevista\/wp-json\/wp\/v2\/comments?post=57861"}],"version-history":[{"count":0,"href":"https:\/\/dralvarez.com.mx\/larevista\/wp-json\/wp\/v2\/posts\/57861\/revisions"}],"wp:attachment":[{"href":"https:\/\/dralvarez.com.mx\/larevista\/wp-json\/wp\/v2\/media?parent=57861"}],"wp:term":[{"taxonomy":"category","embeddable":true,"href":"https:\/\/dralvarez.com.mx\/larevista\/wp-json\/wp\/v2\/categories?post=57861"},{"taxonomy":"post_tag","embeddable":true,"href":"https:\/\/dralvarez.com.mx\/larevista\/wp-json\/wp\/v2\/tags?post=57861"}],"curies":[{"name":"wp","href":"https:\/\/api.w.org\/{rel}","templated":true}]}}