{"id":57857,"date":"2017-09-18T00:00:00","date_gmt":"2017-09-18T06:00:00","guid":{"rendered":"https:\/\/dralvarez.com.mx\/larevista\/blog\/cepredey-reune-esfuerzos-para-prevenir-el-delito-en-yucatan-roberto-rodriguez-asaf-17431"},"modified":"2017-09-18T00:00:00","modified_gmt":"2017-09-18T06:00:00","slug":"cepredey-reune-esfuerzos-para-prevenir-el-delito-en-yucatan-roberto-rodriguez-asaf-17431","status":"publish","type":"post","link":"https:\/\/dralvarez.com.mx\/larevista\/yucatan\/cepredey-reune-esfuerzos-para-prevenir-el-delito-en-yucatan-roberto-rodriguez-asaf-17431","title":{"rendered":"CEPREDEY re\u00fane esfuerzos para prevenir el delito en Yucat\u00e1n: Roberto Rodr\u00edguez Asaf"},"content":{"rendered":"<\/p>\n<p>\u201cCon una sociedad m\u00e1s arm\u00f3nica y con ciudadanos que se sienten seguros de su entorno social para realizar todas sus actividades, se eleva la calidad de vida. \u00c9se es un gran objetivo de la prevenci\u00f3n del delito, en el que trabaja el CEPREDEY\u201d, indic\u00f3 el secretario general de Gobierno, Roberto Rodr\u00edguez Asaf.<\/p>\n<\/p>\n<p>El pol\u00edtico nacido en Izamal explic\u00f3 que el Centro de Prevenci\u00f3n Social del Delito de Yucat\u00e1n, dependen directamente de la Secretar\u00eda General de Gobierno y sus acciones son transversales en todas las oficinas estatales, porque \u201cla prevenci\u00f3n es el cimiento de la seguridad y en ese sentido debe estar presente en todas las \u00e1reas\u201d.<\/p>\n<\/p>\n<p>\u201cNo se escatiman esfuerzos para una prevenci\u00f3n social del delito efectiva y cotidiana. El CEPREDEY informa, documenta, capacita y coordina los esfuerzos de la sociedad para tener actividades sanas, cursos en las escuelas y grupos sociales con diversos enfoques que van desde el respeto del medio ambiente y hacia los animales, hasta las habilidades para la vida\u201d, detall\u00f3.<\/p>\n<\/p>\n<p>Por eso, coment\u00f3, \u201cechamos mano de todos los recursos t\u00e9cnicos de avanzada, como esta estrategia de habilidades para la vida que nos permite recabar informaci\u00f3n, interactuar, identificar valores de riesgo seg\u00fan cada comunidad y gestar en los menores de edad las habilidades necesarias para prevenir y hacer frente a la violencia desde su origen, en la convivencia social\u201d.<\/p>\n<\/p>\n<p>\u201cAqu\u00ed no se trata de que los ciudadanos respondan a la violencia o al delito, sino de que formemos a nuestra ni\u00f1ez y juventud en los valores que nos distinguen como sociedad arm\u00f3nica: el respeto, la conciencia c\u00edvica y la convivencia tolerante hacia todos los dem\u00e1s\u201d, se\u00f1al\u00f3.<\/p>\n<\/p>\n<p>Rodr\u00edguez Asaf mencion\u00f3 que el CEPREDEY \u201clleva instrumentos de prevenci\u00f3n a las escuelas y comunidades, y puede ser a trav\u00e9s de cursos de baile, de m\u00fasica, as\u00ed como la formaci\u00f3n de grupos deportivos o talleres de manualidades, o en algo tan b\u00e1sico como cursos informativos para padres de familia sobre las formas de inculcar en sus hijos los valores que ya mencionamos\u201d.<\/p>\n<\/p>\n<p>\u201cEl objetivo es claro: que todos juntos logremos consolidar todos los d\u00edas como algo natural y propio la prevenci\u00f3n social del delito y de la violencia. No como una obligaci\u00f3n sino como algo ya natural de todos, algo cotidiano, para que as\u00ed todos sigamos viviendo en seguridad con nuestras familias, lo que redunda en una mejor calidad de vida\u201d, concluy\u00f3.<\/p>\n<p><\/p>\n","protected":false},"excerpt":{"rendered":"<p>Destaca el secretario general de Gobierno la tarea del Centro de Prevenci\u00f3n Social del Delito de Yucat\u00e1n para integrar a la sociedad en coordinaci\u00f3n c<\/p>\n","protected":false},"author":1018,"featured_media":0,"comment_status":"open","ping_status":"open","sticky":false,"template":"","format":"standard","meta":{"tdm_status":"","tdm_grid_status":"","footnotes":""},"categories":[21],"tags":[],"_links":{"self":[{"href":"https:\/\/dralvarez.com.mx\/larevista\/wp-json\/wp\/v2\/posts\/57857"}],"collection":[{"href":"https:\/\/dralvarez.com.mx\/larevista\/wp-json\/wp\/v2\/posts"}],"about":[{"href":"https:\/\/dralvarez.com.mx\/larevista\/wp-json\/wp\/v2\/types\/post"}],"author":[{"embeddable":true,"href":"https:\/\/dralvarez.com.mx\/larevista\/wp-json\/wp\/v2\/users\/1018"}],"replies":[{"embeddable":true,"href":"https:\/\/dralvarez.com.mx\/larevista\/wp-json\/wp\/v2\/comments?post=57857"}],"version-history":[{"count":0,"href":"https:\/\/dralvarez.com.mx\/larevista\/wp-json\/wp\/v2\/posts\/57857\/revisions"}],"wp:attachment":[{"href":"https:\/\/dralvarez.com.mx\/larevista\/wp-json\/wp\/v2\/media?parent=57857"}],"wp:term":[{"taxonomy":"category","embeddable":true,"href":"https:\/\/dralvarez.com.mx\/larevista\/wp-json\/wp\/v2\/categories?post=57857"},{"taxonomy":"post_tag","embeddable":true,"href":"https:\/\/dralvarez.com.mx\/larevista\/wp-json\/wp\/v2\/tags?post=57857"}],"curies":[{"name":"wp","href":"https:\/\/api.w.org\/{rel}","templated":true}]}}