{"id":57856,"date":"2017-09-18T00:00:00","date_gmt":"2017-09-18T06:00:00","guid":{"rendered":"https:\/\/dralvarez.com.mx\/larevista\/blog\/movimiento-antorchista-contribuye-al-bienestar-de-yucatan-17430"},"modified":"2017-09-18T00:00:00","modified_gmt":"2017-09-18T06:00:00","slug":"movimiento-antorchista-contribuye-al-bienestar-de-yucatan-17430","status":"publish","type":"post","link":"https:\/\/dralvarez.com.mx\/larevista\/yucatan\/movimiento-antorchista-contribuye-al-bienestar-de-yucatan-17430","title":{"rendered":"Movimiento Antorchista contribuye al bienestar de Yucat\u00e1n"},"content":{"rendered":"<\/p>\n<p>En Yucat\u00e1n sabemos muy bien que la ruta del bienestar se complementa con las luces que nos orientan como sociedad para saber d\u00f3nde estamos parados y nos permiten planear los siguientes pasos de forma decidida, de ah\u00ed la importancia de las iniciativas de agrupaciones sociales como Movimiento Antorchista Nacional, destac\u00f3 el titular de la Secretar\u00eda General de Gobierno (SGG), Roberto Rodr\u00edguez Asaf, ante m\u00e1s de 26 mil de integrantes de esta organizaci\u00f3n.<\/p>\n<\/p>\n<p>A nombre del titular del Ejecutivo, Rolando Zapata Bello, y acompa\u00f1ado del l\u00edder en el pa\u00eds de dicho gremio, Aquiles C\u00f3rdova Mor\u00e1n, el funcionario asisti\u00f3 a la celebraci\u00f3n de los 17 a\u00f1os que la organizaci\u00f3n tiene en el territorio.<\/p>\n<\/p>\n<p>Desde hace casi dos d\u00e9cadas, el Movimiento simboliza uno de los principales puntos de apoyo para impulsar el bienestar en Yucat\u00e1n. Es un colectivo que durante todo este tiempo ha contribuido a que esta tierra se mantenga din\u00e1mica, resalt\u00f3 ante el presidente de la mesa directiva del Congreso de la Uni\u00f3n, Jorge Carlos Ram\u00edrez Mar\u00edn.<\/p>\n<\/p>\n<p>\u201cTengan la certeza de que sus causas son tambi\u00e9n las causas de Rolando Zapata, de que sus causas en el Gobierno de Rolando Zapata tienen un aliado. Tengan la confianza de que en Yucat\u00e1n seguiremos por el buen rumbo econ\u00f3mico y para generar buenos empleos, pero sobre todo, bien pagados para la juventud y las siguientes generaciones\u201d, agreg\u00f3 Rodr\u00edguez Asaf.<\/p>\n<\/p>\n<p>Acompa\u00f1ado de Aleida Ram\u00edrez Huerta, l\u00edder estatal del Movimiento, C\u00f3rdova Mor\u00e1n habl\u00f3 de los retos que actualmente tiene la econom\u00eda del pa\u00eds y la importancia de los salarios justos, as\u00ed como de las oportunidades labores de calidad que se deben ofrecer a los mexicanos que m\u00e1s lo necesiten.<\/p>\n<\/p>\n<p>Asimismo, reconoci\u00f3 los esfuerzos y acciones de la militancia antorchista yucateca, que durante 17 a\u00f1os ha luchado por la igualdad y el respeto a los derechos humanos de los que menos tienen.<\/p>\n<\/p>\n<p>A la celebraci\u00f3n asistieron miembros del Comit\u00e9 Ejecutivo Nacional y de los \u00f3rganos regionales del Movimiento, as\u00ed como agremiados de diferentes municipios de la entidad, quienes disfrutaron de presentaciones musicales, declamaci\u00f3n de poes\u00edas y bailables tradicionales pertenecientes a varios estados del pa\u00eds.<\/p>\n<p><\/p>\n","protected":false},"excerpt":{"rendered":"<p>La agrupaci\u00f3n celebra 17 a\u00f1os de presencia en el estado.<\/p>\n","protected":false},"author":1018,"featured_media":0,"comment_status":"open","ping_status":"open","sticky":false,"template":"","format":"standard","meta":{"tdm_status":"","tdm_grid_status":"","footnotes":""},"categories":[21],"tags":[],"_links":{"self":[{"href":"https:\/\/dralvarez.com.mx\/larevista\/wp-json\/wp\/v2\/posts\/57856"}],"collection":[{"href":"https:\/\/dralvarez.com.mx\/larevista\/wp-json\/wp\/v2\/posts"}],"about":[{"href":"https:\/\/dralvarez.com.mx\/larevista\/wp-json\/wp\/v2\/types\/post"}],"author":[{"embeddable":true,"href":"https:\/\/dralvarez.com.mx\/larevista\/wp-json\/wp\/v2\/users\/1018"}],"replies":[{"embeddable":true,"href":"https:\/\/dralvarez.com.mx\/larevista\/wp-json\/wp\/v2\/comments?post=57856"}],"version-history":[{"count":0,"href":"https:\/\/dralvarez.com.mx\/larevista\/wp-json\/wp\/v2\/posts\/57856\/revisions"}],"wp:attachment":[{"href":"https:\/\/dralvarez.com.mx\/larevista\/wp-json\/wp\/v2\/media?parent=57856"}],"wp:term":[{"taxonomy":"category","embeddable":true,"href":"https:\/\/dralvarez.com.mx\/larevista\/wp-json\/wp\/v2\/categories?post=57856"},{"taxonomy":"post_tag","embeddable":true,"href":"https:\/\/dralvarez.com.mx\/larevista\/wp-json\/wp\/v2\/tags?post=57856"}],"curies":[{"name":"wp","href":"https:\/\/api.w.org\/{rel}","templated":true}]}}