{"id":57851,"date":"2017-09-18T00:00:00","date_gmt":"2017-09-18T06:00:00","guid":{"rendered":"https:\/\/dralvarez.com.mx\/larevista\/blog\/mexico-solidario-liborio-vidal-17425"},"modified":"2017-09-18T00:00:00","modified_gmt":"2017-09-18T06:00:00","slug":"mexico-solidario-liborio-vidal-17425","status":"publish","type":"post","link":"https:\/\/dralvarez.com.mx\/larevista\/yucatan\/mexico-solidario-liborio-vidal-17425","title":{"rendered":"M\u00e9xico, solidario: Liborio Vidal"},"content":{"rendered":"<\/p>\n<p>\u201cLos mexicanos somos un pueblo unido, nos sentimos orgullosos de nuestra cultura, de nuestra identidad y en un d\u00eda como hoy dejamos ver todo nuestro amor por M\u00e9xico, y no se trata de la comida, o la noche del grito, o la emoci\u00f3n del desfile, se trata de que hoy por hoy estamos demostrando estar unidos para apoyar a nuestros hermanos de Oaxaca y Chiapas\u201d, dijo Liborio Vidal Aguilar.<\/p>\n<\/p>\n<p>El empresario y pol\u00edtico yucateco habl\u00f3 del esp\u00edritu solidario de los mexicanos que no s\u00f3lo manifiestan su apoyo a los estados afectados por el sismo de 8.2 grados a trav\u00e9s de las redes sociales, sino que desde diversos espacios emprenden acciones para recolectar toda la ayuda posible.<\/p>\n<\/p>\n<p>\u201cComo empresario me he sumado a las diversas colectas, y como pol\u00edtico tambi\u00e9n. Conozco mucha gente que est\u00e1 haciendo su parte en las escuelas, las empresas, la sociedad civil, la Cruz Roja, el DIF, las dependencias de gobierno. Esta solidaridad es parte de los valores que tenemos como mexicanos y, en particular, como yucatecos\u201d, se\u00f1al\u00f3.<\/p>\n<\/p>\n<p>Agreg\u00f3 que cuando Yucat\u00e1n ha sido devastado por alg\u00fan fen\u00f3meno natural, los otros estados del pa\u00eds inmediatamente han reaccionado para enviar agua, alimentos, ropa y todo lo necesario para que la poblaci\u00f3n pueda recuperarse con mayor rapidez.<\/p>\n<\/p>\n<p>\u201cHoy celebramos la Independencia de M\u00e9xico, vemos a los j\u00f3venes desfilar, vemos a los elementos de los diversos cuerpos de seguridad, y vemos que Yucat\u00e1n tiene un buen futuro. Con hombres y mujeres que tienen una gran formaci\u00f3n c\u00edvica, no s\u00f3lo de la que se imparte en las aulas, sino de la que probablemente es m\u00e1s importante, la que se da en la casa, en familia\u201d, expres\u00f3.<\/p>\n<\/p>\n<p>Liborio Vidal agradeci\u00f3 la invitaci\u00f3n del gobernador Rolando Zapata Bello para presenciar el desfile c\u00edvico militar en el que participaron m\u00e1s de seis mil 800 efectivos en 69 contingentes, que durante alrededor de hora y media realizaron un recorrido que disfrutaron miles de personas.<\/p>\n<p><\/p>\n","protected":false},"excerpt":{"rendered":"<p>Destaca valores c\u00edvicos de las familias yucatecas.<\/p>\n","protected":false},"author":1018,"featured_media":0,"comment_status":"open","ping_status":"open","sticky":false,"template":"","format":"standard","meta":{"tdm_status":"","tdm_grid_status":"","footnotes":""},"categories":[21],"tags":[],"_links":{"self":[{"href":"https:\/\/dralvarez.com.mx\/larevista\/wp-json\/wp\/v2\/posts\/57851"}],"collection":[{"href":"https:\/\/dralvarez.com.mx\/larevista\/wp-json\/wp\/v2\/posts"}],"about":[{"href":"https:\/\/dralvarez.com.mx\/larevista\/wp-json\/wp\/v2\/types\/post"}],"author":[{"embeddable":true,"href":"https:\/\/dralvarez.com.mx\/larevista\/wp-json\/wp\/v2\/users\/1018"}],"replies":[{"embeddable":true,"href":"https:\/\/dralvarez.com.mx\/larevista\/wp-json\/wp\/v2\/comments?post=57851"}],"version-history":[{"count":0,"href":"https:\/\/dralvarez.com.mx\/larevista\/wp-json\/wp\/v2\/posts\/57851\/revisions"}],"wp:attachment":[{"href":"https:\/\/dralvarez.com.mx\/larevista\/wp-json\/wp\/v2\/media?parent=57851"}],"wp:term":[{"taxonomy":"category","embeddable":true,"href":"https:\/\/dralvarez.com.mx\/larevista\/wp-json\/wp\/v2\/categories?post=57851"},{"taxonomy":"post_tag","embeddable":true,"href":"https:\/\/dralvarez.com.mx\/larevista\/wp-json\/wp\/v2\/tags?post=57851"}],"curies":[{"name":"wp","href":"https:\/\/api.w.org\/{rel}","templated":true}]}}