{"id":57850,"date":"2017-09-18T00:00:00","date_gmt":"2017-09-18T06:00:00","guid":{"rendered":"https:\/\/dralvarez.com.mx\/larevista\/blog\/sociedad-y-gobierno-unidos-por-la-proteccion-civil-17424"},"modified":"2017-09-18T00:00:00","modified_gmt":"2017-09-18T06:00:00","slug":"sociedad-y-gobierno-unidos-por-la-proteccion-civil-17424","status":"publish","type":"post","link":"https:\/\/dralvarez.com.mx\/larevista\/yucatan\/sociedad-y-gobierno-unidos-por-la-proteccion-civil-17424","title":{"rendered":"Sociedad y gobierno, unidos por la Protecci\u00f3n Civil"},"content":{"rendered":"<\/p>\n<p>\u201cEl sentido de unidad y de civismo que hay durante las fiestas patrias es una realidad cotidiana en Yucat\u00e1n, y eso se debe a que sociedad y gobierno trabajan juntos por objetivos comunes. Uno de ellos es la Protecci\u00f3n Civil\u201d, afirm\u00f3 el secretario general de Gobierno, Roberto Rodr\u00edguez Asaf.<\/p>\n<\/p>\n<p>Entrevistado previo al desfile conmemorativo por el 207 Aniversario del inicio de la gesta de Independencia, el segundo al mando en la administraci\u00f3n estatal hizo hincapi\u00e9 en la importancia que tiene para el gobierno del Estado estar siempre preparados y atentos a cualquier tipo de contingencia natural o de siniestros.<\/p>\n<\/p>\n<p>\u201cPrecisamente al momento de estas Fiestas Patrias, como en todas las dem\u00e1s festividades, son los elementos de seguridad del Estado y los elementos de Protecci\u00f3n Civil los que no descansan. Nuestro trabajo en la administraci\u00f3n del gobernador Rolando Zapata Bello es garantizar a la sociedad que su gobierno est\u00e1 al pendiente de su seguridad\u201d, indic\u00f3.<\/p>\n<\/p>\n<p>Sobre el particular, coment\u00f3 que materia de Protecci\u00f3n Civil \u201chay mucho terreno avanzado en cuanto a la participaci\u00f3n de la ciudadan\u00eda, lo que todos conocemos como la Cultura de la Protecci\u00f3n Civil. Se sabe que en nuestro Estado la gente no duda en atender a los avisos de hurac\u00e1n o en la prevenci\u00f3n de incendios forestales en la temporada de quemas\u201d.<\/p>\n<\/p>\n<p>\u201cEsta participaci\u00f3n, sumada a la preparaci\u00f3n y alertamiento, as\u00ed como a la atenci\u00f3n por parte de las autoridades estatales, municipales y federales unidas en el Sistema de Protecci\u00f3n Civil, nos dan efectividad a la hora de atender una contingencia, pero sobre todo en la constante prevenci\u00f3n\u201d, explic\u00f3.<\/p>\n<\/p>\n<p>Rodr\u00edguez Asaf record\u00f3 que en ese sentido, la administraci\u00f3n estatal ha acordado un plan de trabajo con la asociaci\u00f3n America\u00b4s Relief Team para atender a la poblaci\u00f3n en caso de desastre por hurac\u00e1n en caso de ser necesario, derivado de las experiencias del XII Seminario Internacional de Huracanes, realizado recientemente en la ciudad de Miami, Florida.<\/p>\n<p>Tambi\u00e9n se realizan simulacros de impacto y se refuerza la capacitaci\u00f3n y equipamiento de todas las instancias necesarias para atender este tipo de contingencias, todo derivado de la Plataforma Global para Reducci\u00f3n de Desastres 2017 que nos indica el Sistema Nacional de Protecci\u00f3n Civil.<\/p>\n<\/p>\n<p>En cuanto a los incendios forestales, coment\u00f3 que se mantiene cada a\u00f1o la informaci\u00f3n y capacitaci\u00f3n en temporada de sequ\u00edas y de quemas, aunque lo principal en todos estos casos es la prevenci\u00f3n.<\/p>\n<\/p>\n<p>\u201cAqu\u00ed es donde la participaci\u00f3n de la sociedad definitivamente es crucial: la Protecci\u00f3n Civil se debe basar en el enfoque de la prevenci\u00f3n, porque con eso garantizamos la seguridad de la poblaci\u00f3n y se reduce la posibilidad de afectaci\u00f3n ante cualquier contingencia\u201d, concluy\u00f3<\/p>\n<p><\/p>\n","protected":false},"excerpt":{"rendered":"<p>Subraya el secretario general de Gobierno, Roberto Rodr\u00edguez Asaf, que la conciencia c\u00edvica de los yucatecos es fundamental para las pol\u00edticas de prev<\/p>\n","protected":false},"author":1018,"featured_media":0,"comment_status":"open","ping_status":"open","sticky":false,"template":"","format":"standard","meta":{"tdm_status":"","tdm_grid_status":"","footnotes":""},"categories":[21],"tags":[],"_links":{"self":[{"href":"https:\/\/dralvarez.com.mx\/larevista\/wp-json\/wp\/v2\/posts\/57850"}],"collection":[{"href":"https:\/\/dralvarez.com.mx\/larevista\/wp-json\/wp\/v2\/posts"}],"about":[{"href":"https:\/\/dralvarez.com.mx\/larevista\/wp-json\/wp\/v2\/types\/post"}],"author":[{"embeddable":true,"href":"https:\/\/dralvarez.com.mx\/larevista\/wp-json\/wp\/v2\/users\/1018"}],"replies":[{"embeddable":true,"href":"https:\/\/dralvarez.com.mx\/larevista\/wp-json\/wp\/v2\/comments?post=57850"}],"version-history":[{"count":0,"href":"https:\/\/dralvarez.com.mx\/larevista\/wp-json\/wp\/v2\/posts\/57850\/revisions"}],"wp:attachment":[{"href":"https:\/\/dralvarez.com.mx\/larevista\/wp-json\/wp\/v2\/media?parent=57850"}],"wp:term":[{"taxonomy":"category","embeddable":true,"href":"https:\/\/dralvarez.com.mx\/larevista\/wp-json\/wp\/v2\/categories?post=57850"},{"taxonomy":"post_tag","embeddable":true,"href":"https:\/\/dralvarez.com.mx\/larevista\/wp-json\/wp\/v2\/tags?post=57850"}],"curies":[{"name":"wp","href":"https:\/\/api.w.org\/{rel}","templated":true}]}}