{"id":57846,"date":"2017-09-18T00:00:00","date_gmt":"2017-09-18T06:00:00","guid":{"rendered":"https:\/\/dralvarez.com.mx\/larevista\/blog\/acerca-insejupy-certeza-patrimonial-a-trabajadores-de-la-salud-17420"},"modified":"2017-09-18T00:00:00","modified_gmt":"2017-09-18T06:00:00","slug":"acerca-insejupy-certeza-patrimonial-a-trabajadores-de-la-salud-17420","status":"publish","type":"post","link":"https:\/\/dralvarez.com.mx\/larevista\/yucatan\/acerca-insejupy-certeza-patrimonial-a-trabajadores-de-la-salud-17420","title":{"rendered":"Acerca Insejupy certeza patrimonial a trabajadores de la salud"},"content":{"rendered":"<\/p>\n<p>La labor de acercar y difundir los beneficios del testamento, impulsada por el Instituto de Seguridad Jur\u00eddica Patrimonial (Insejupy), lleg\u00f3 ahora al personal del Hospital \u201cDoctor Agust\u00edn O\u2019Hor\u00e1n\u201d adscrito al Sindicato Nacional de Trabajadores de la Secretar\u00eda de Salud (SNTSS).<\/p>\n<p>Como parte del programa \u201cSeptiembre, mes del testamento\u201d y en el auditorio de dicho nosocomio, se llev\u00f3 a cabo una pl\u00e1tica sobre las particularidades de la disposici\u00f3n testamentaria. El director General de la dependencia, Rub\u00e9n Segura P\u00e9rez, agradeci\u00f3 a los presentes por su inter\u00e9s en el tema.<\/p>\n<p>\u201cLa certeza jur\u00eddica patrimonial es importante en nuestro quehacer diario, nos da tranquilidad y debemos procurar que esa misma tranquilidad se transmita a nuestra familia cuando no estemos. En el Gobierno de Rolando Zapata Bello, estamos conscientes de ello y por eso acudimos a esta invitaci\u00f3n del doctor Eulogio Pi\u00f1a\u201d, manifest\u00f3 en referencia al secretario General del SNTSS.<\/p>\n<p>En su intervenci\u00f3n, el titular del Archivo Notarial del Insejupy, Antonio Camino M\u00e9diz, detall\u00f3 las particularidades y procedimientos para efectuar los testamentos ol\u00f3grafo y p\u00fablico abierto, ante las representantes del l\u00edder sindical, Guadalupe G\u00f3ngora Ram\u00edrez y Diana Cervera Fuentes.<\/p>\n<p><\/p>\n","protected":false},"excerpt":{"rendered":"<p>Como parte del programa \u201cSeptiembre, mes del testamento\u201d y en el auditorio de dicho nosocomio, se llev\u00f3 a cabo una pl\u00e1tica sobre las particularidades<\/p>\n","protected":false},"author":1018,"featured_media":0,"comment_status":"open","ping_status":"open","sticky":false,"template":"","format":"standard","meta":{"tdm_status":"","tdm_grid_status":"","footnotes":""},"categories":[21],"tags":[],"_links":{"self":[{"href":"https:\/\/dralvarez.com.mx\/larevista\/wp-json\/wp\/v2\/posts\/57846"}],"collection":[{"href":"https:\/\/dralvarez.com.mx\/larevista\/wp-json\/wp\/v2\/posts"}],"about":[{"href":"https:\/\/dralvarez.com.mx\/larevista\/wp-json\/wp\/v2\/types\/post"}],"author":[{"embeddable":true,"href":"https:\/\/dralvarez.com.mx\/larevista\/wp-json\/wp\/v2\/users\/1018"}],"replies":[{"embeddable":true,"href":"https:\/\/dralvarez.com.mx\/larevista\/wp-json\/wp\/v2\/comments?post=57846"}],"version-history":[{"count":0,"href":"https:\/\/dralvarez.com.mx\/larevista\/wp-json\/wp\/v2\/posts\/57846\/revisions"}],"wp:attachment":[{"href":"https:\/\/dralvarez.com.mx\/larevista\/wp-json\/wp\/v2\/media?parent=57846"}],"wp:term":[{"taxonomy":"category","embeddable":true,"href":"https:\/\/dralvarez.com.mx\/larevista\/wp-json\/wp\/v2\/categories?post=57846"},{"taxonomy":"post_tag","embeddable":true,"href":"https:\/\/dralvarez.com.mx\/larevista\/wp-json\/wp\/v2\/tags?post=57846"}],"curies":[{"name":"wp","href":"https:\/\/api.w.org\/{rel}","templated":true}]}}