{"id":57845,"date":"2017-09-18T00:00:00","date_gmt":"2017-09-18T06:00:00","guid":{"rendered":"https:\/\/dralvarez.com.mx\/larevista\/blog\/llaman-a-yucatecos-a-apoyar-al-pueblo-cubano-tras-el-paso-del-huracan-irma-17419"},"modified":"2017-09-18T00:00:00","modified_gmt":"2017-09-18T06:00:00","slug":"llaman-a-yucatecos-a-apoyar-al-pueblo-cubano-tras-el-paso-del-huracan-irma-17419","status":"publish","type":"post","link":"https:\/\/dralvarez.com.mx\/larevista\/yucatan\/llaman-a-yucatecos-a-apoyar-al-pueblo-cubano-tras-el-paso-del-huracan-irma-17419","title":{"rendered":"Llaman a yucatecos a apoyar al pueblo cubano tras el paso del hurac\u00e1n Irma"},"content":{"rendered":"<\/p>\n<p>El C\u00f3nsul de Cuba en M\u00e9rida, Mario Jorge Garc\u00eda Cecilia dio a conocer que gran parte de las provincias de Cuba fueron afectadas por el cicl\u00f3n Irma, lo que motiv\u00f3 la p\u00e9rdida de vidas humanas y graves da\u00f1os a la infraestructura el\u00e9ctrica y propiedades de los cubanos.<\/p>\n<\/p>\n<p>El diplom\u00e1tico expres\u00f3 que en este momento el pueblo cubano va a avanzando en la recuperaci\u00f3n de sus pertenencias, pero ciertamente muchas personas perdieron todo, debido a que el mar entr\u00f3 hasta casi medio kil\u00f3metro tierra adentro, adem\u00e1s que los vientos y lluvias provocaron serios da\u00f1os a casas y propiedades.<\/p>\n<\/p>\n<p>Agreg\u00f3 que estableciendo las necesidades y los requerimientos para poder recuperar las condiciones del pueblo, se abri\u00f3 una cuenta bancaria en el Banco Financiero Internacional, desde donde se podr\u00e1n realizar dep\u00f3sitos y donativos que ser\u00e1n entregados al gobierno de Cuba para responder ante las necesidades de la poblaci\u00f3n isle\u00f1a.<\/p>\n<\/p>\n<p>Detall\u00f3 que en el aspecto de turismo, los hoteles, tanto de La Habana, como de Varadero y las islas de la costa occidental de Cuba est\u00e1n siendo reparadas y en su caso, en la capital cubana trabajan en perfecto estado y sin ning\u00fan problema, en tanto que en este momento la poblaci\u00f3n trabaja en la recuperaci\u00f3n de sus viviendas y la reactivaci\u00f3n de la vida cotidiana.<\/p>\n<\/p>\n<p>Apunt\u00f3 que como en otras ocasiones los mexicanos han sido solidarios con la tragedia del pueblo cubano y en esta ocasi\u00f3n no se pide la recolecci\u00f3n de v\u00edveres, ni ropa, porque ser\u00eda imposible disponer de recursos para su traslado y distribuci\u00f3n, por ello, el gobierno cubano ha establecido un mecanismo financiero para recibir los recursos y asignarlo a las prioridades m\u00e1s indispensables de la poblaci\u00f3n, as\u00ed como la recuperaci\u00f3n de las viviendas y propiedades da\u00f1adas.<\/p>\n<\/p>\n<p>Garc\u00eda Cecilia apunt\u00f3 que el gobierno cubano trabaja de manera inmediata en la reinstalaci\u00f3n del fluido el\u00e9ctrico en toda la isla que result\u00f3 seriamente da\u00f1ada. La costa atl\u00e1ntica fue la que result\u00f3 con mayor da\u00f1o al paso del fen\u00f3meno climatol\u00f3gico, pero ser\u00e1 cuesti\u00f3n de pocos d\u00edas que se recupere en todas las provincias, agreg\u00f3.<\/p>\n<\/p>\n<p>Mario Jorge Garc\u00eda hizo un llamado a la comunidad cubana en M\u00e9rida y tambi\u00e9n a los mexicanos en general a respaldar el esfuerzo del pueblo cubano en su recuperaci\u00f3n y detall\u00f3 que la cuenta en el Banco es la n\u00famero 030000004978829, para las personas que deseen depositar en moneda Euro sus aportaciones para el pueblo cubano, recalc\u00f3.<\/p>\n<p><\/p>\n","protected":false},"excerpt":{"rendered":"<p>Gran parte de las provincias de Cuba fueron afectadas por el cicl\u00f3n Irma.<\/p>\n","protected":false},"author":1018,"featured_media":0,"comment_status":"open","ping_status":"open","sticky":false,"template":"","format":"standard","meta":{"tdm_status":"","tdm_grid_status":"","footnotes":""},"categories":[21],"tags":[],"_links":{"self":[{"href":"https:\/\/dralvarez.com.mx\/larevista\/wp-json\/wp\/v2\/posts\/57845"}],"collection":[{"href":"https:\/\/dralvarez.com.mx\/larevista\/wp-json\/wp\/v2\/posts"}],"about":[{"href":"https:\/\/dralvarez.com.mx\/larevista\/wp-json\/wp\/v2\/types\/post"}],"author":[{"embeddable":true,"href":"https:\/\/dralvarez.com.mx\/larevista\/wp-json\/wp\/v2\/users\/1018"}],"replies":[{"embeddable":true,"href":"https:\/\/dralvarez.com.mx\/larevista\/wp-json\/wp\/v2\/comments?post=57845"}],"version-history":[{"count":0,"href":"https:\/\/dralvarez.com.mx\/larevista\/wp-json\/wp\/v2\/posts\/57845\/revisions"}],"wp:attachment":[{"href":"https:\/\/dralvarez.com.mx\/larevista\/wp-json\/wp\/v2\/media?parent=57845"}],"wp:term":[{"taxonomy":"category","embeddable":true,"href":"https:\/\/dralvarez.com.mx\/larevista\/wp-json\/wp\/v2\/categories?post=57845"},{"taxonomy":"post_tag","embeddable":true,"href":"https:\/\/dralvarez.com.mx\/larevista\/wp-json\/wp\/v2\/tags?post=57845"}],"curies":[{"name":"wp","href":"https:\/\/api.w.org\/{rel}","templated":true}]}}